{"id":24396,"date":"2021-06-20T10:22:18","date_gmt":"2021-06-20T13:22:18","guid":{"rendered":"http:\/\/www.centraldenoticias.com.ar\/?p=24396"},"modified":"2021-06-20T10:22:18","modified_gmt":"2021-06-20T13:22:18","slug":"abrio-la-inscripcion-a-carreras-para-el-segundo-cuatrimestre-en-la-facultad-de-ciencias-sociales","status":"publish","type":"post","link":"https:\/\/cdnoticias.com\/index.php\/2021\/06\/20\/abrio-la-inscripcion-a-carreras-para-el-segundo-cuatrimestre-en-la-facultad-de-ciencias-sociales\/","title":{"rendered":"Abri\u00f3 la inscripci\u00f3n a carreras para el segundo cuatrimestre en la Facultad de Ciencias Sociales"},"content":{"rendered":"<p>El plazo estar\u00e1 abierto hasta el 17 de julio. Se a\u00f1adi\u00f3 que la cursada iniciar\u00e1 en modalidad virtual.<!--more--><\/p>\n<hr \/>\n<p>Desde la Facultad de Ciencias Sociales local, dependiente de la Universidad Nacional del Centro, se inform\u00f3 que <strong>ya se encuentra abierto el periodo de preinscripci\u00f3n para el ingreso al segundo cuatrimestre del presente ciclo.<\/strong><\/p>\n<p>&nbsp;<\/p>\n<p><strong>Se a\u00f1adi\u00f3 que ser\u00e1 hasta el 17 de julio<\/strong>, a trav\u00e9s de un tr\u00e1mite que se realizar\u00e1 totalmente de manera virtual\u00a0a trav\u00e9s de la\u00a0<a href=\"http:\/\/www.soc.unicen.edu.ar\" target=\"_blank\" rel=\"noopener\">p\u00e1gina web de la Facultad.<\/a><\/p>\n<p>&nbsp;<\/p>\n<p><img data-recalc-dims=\"1\" loading=\"lazy\" decoding=\"async\" class=\"alignnone size-full wp-image-24397\" src=\"https:\/\/i0.wp.com\/cdnoticias.com\/wp-content\/uploads\/2021\/06\/seguint.jpg?resize=800%2C328&#038;ssl=1\" alt=\"\" width=\"800\" height=\"328\" srcset=\"https:\/\/i0.wp.com\/cdnoticias.com\/wp-content\/uploads\/2021\/06\/seguint.jpg?w=1000&amp;ssl=1 1000w, https:\/\/i0.wp.com\/cdnoticias.com\/wp-content\/uploads\/2021\/06\/seguint.jpg?resize=300%2C123&amp;ssl=1 300w, https:\/\/i0.wp.com\/cdnoticias.com\/wp-content\/uploads\/2021\/06\/seguint.jpg?resize=768%2C315&amp;ssl=1 768w\" sizes=\"auto, (max-width: 800px) 100vw, 800px\" \/><\/p>\n<p>&nbsp;<\/p>\n<p>El per\u00edodo de preinscripci\u00f3n es para las seis carreras de grado que all\u00ed se ofrecen. La oferta acad\u00e9mica comprende de las<strong> Licenciaturas en Comunicaci\u00f3n Social, en Antropolog\u00eda con orientaci\u00f3n Social, en Antropolog\u00eda orientaci\u00f3n Arqueol\u00f3gica, en Periodismo y Profesorados en Comunicaci\u00f3n Social y Antropolog\u00eda.<\/strong><\/p>\n<p>&nbsp;<\/p>\n<p>Se agreg\u00f3, por \u00faltimo, que debido a la emergencia sanitaria <strong>tanto el Curso de Introducci\u00f3n a la Vida Universitaria como el comienzo de la cursada del segundo cuatrimestre ser\u00e1 virtual, a trav\u00e9s de la plataforma Sociales Virtual.<\/strong><\/p>\n","protected":false},"excerpt":{"rendered":"<p>El plazo estar\u00e1 abierto hasta el 17 de julio. Se a\u00f1adi\u00f3 que la cursada iniciar\u00e1 en modalidad virtual.<\/p>\n","protected":false},"author":3,"featured_media":0,"comment_status":"closed","ping_status":"closed","sticky":false,"template":"","format":"standard","meta":{"_jetpack_memberships_contains_paid_content":false,"footnotes":""},"categories":[5,1],"tags":[],"class_list":["post-24396","post","type-post","status-publish","format-standard","hentry","category-informacion-general","category-portada"],"jetpack_featured_media_url":"","jetpack_sharing_enabled":true,"_links":{"self":[{"href":"https:\/\/cdnoticias.com\/index.php\/wp-json\/wp\/v2\/posts\/24396","targetHints":{"allow":["GET"]}}],"collection":[{"href":"https:\/\/cdnoticias.com\/index.php\/wp-json\/wp\/v2\/posts"}],"about":[{"href":"https:\/\/cdnoticias.com\/index.php\/wp-json\/wp\/v2\/types\/post"}],"author":[{"embeddable":true,"href":"https:\/\/cdnoticias.com\/index.php\/wp-json\/wp\/v2\/users\/3"}],"replies":[{"embeddable":true,"href":"https:\/\/cdnoticias.com\/index.php\/wp-json\/wp\/v2\/comments?post=24396"}],"version-history":[{"count":0,"href":"https:\/\/cdnoticias.com\/index.php\/wp-json\/wp\/v2\/posts\/24396\/revisions"}],"wp:attachment":[{"href":"https:\/\/cdnoticias.com\/index.php\/wp-json\/wp\/v2\/media?parent=24396"}],"wp:term":[{"taxonomy":"category","embeddable":true,"href":"https:\/\/cdnoticias.com\/index.php\/wp-json\/wp\/v2\/categories?post=24396"},{"taxonomy":"post_tag","embeddable":true,"href":"https:\/\/cdnoticias.com\/index.php\/wp-json\/wp\/v2\/tags?post=24396"}],"curies":[{"name":"wp","href":"https:\/\/api.w.org\/{rel}","templated":true}]}}