{"id":24372,"date":"2021-06-18T18:06:29","date_gmt":"2021-06-18T21:06:29","guid":{"rendered":"http:\/\/www.centraldenoticias.com.ar\/?p=24372"},"modified":"2021-06-18T20:12:10","modified_gmt":"2021-06-18T23:12:10","slug":"uno-por-uno-quienes-son-los-intendentes-que-estuvieron-reunidos-en-olavarria","status":"publish","type":"post","link":"https:\/\/cdnoticias.com\/index.php\/2021\/06\/18\/uno-por-uno-quienes-son-los-intendentes-que-estuvieron-reunidos-en-olavarria\/","title":{"rendered":"Uno por uno: Quienes son los intendentes que estuvieron reunidos en Olavarr\u00eda"},"content":{"rendered":"<p>Nuestra ciudad fue escenario de un importante encuentro del armado de Juntos por el Cambio de cara a las elecciones.<!--more--><\/p>\n<hr \/>\n<p><strong>El Club House del Golf del Club Estudiantes sirvi\u00f3 de sede en el inicio de la tarde de este viernes para un encuentro que ha sido la noticia pol\u00edtica del d\u00eda<\/strong>, con r\u00e9plicas que alcanzan, como m\u00ednimo, a todo el territorio bonaerense. Alrededor de una veintena de jefes comunales y referentes de Juntos por el Cambios arribaron a Olavarr\u00eda y protagonizaron una reuni\u00f3n en la que se presume que el armado del espacio de cara a las elecciones fue el principal tema.<\/p>\n<p>&nbsp;<\/p>\n<blockquote class=\"twitter-tweet\" data-width=\"550\" data-dnt=\"true\">\n<p lang=\"es\" dir=\"ltr\">Muy contento de haber estado en Olavarr\u00eda junto a <a href=\"https:\/\/twitter.com\/ezequielgalli?ref_src=twsrc%5Etfw\">@ezequielgalli<\/a>, intendente del distrito, recorriendo la planta de producci\u00f3n de Cerro Negro. Ac\u00e1 fabrican materiales para la construcci\u00f3n, ayudando al desarrollo de Olavarr\u00eda, de la Provincia y del pa\u00eds. <a href=\"https:\/\/t.co\/tNF9VOIEmq\">pic.twitter.com\/tNF9VOIEmq<\/a><\/p>\n<p>&mdash; Horacio Rodr\u00edguez Larreta \u270b\ud83c\udffc\ud83e\uddfc\ud83e\udd1a\ud83c\udffc (@horaciorlarreta) <a href=\"https:\/\/twitter.com\/horaciorlarreta\/status\/1405978813956345858?ref_src=twsrc%5Etfw\">June 18, 2021<\/a><\/p><\/blockquote>\n<p><script async src=\"https:\/\/platform.twitter.com\/widgets.js\" charset=\"utf-8\"><\/script><\/p>\n<p>&nbsp;<\/p>\n<p><strong>Sin dudas la presencia destacada fue la de Horacio Rodr\u00edguez Larreta, quien ocup\u00f3 el lugar central de la imagen que fue compartida a trav\u00e9s de las redes sociales<\/strong>. El jefe de gobierno de la Ciudad Aut\u00f3noma de Buenos Aires hab\u00eda protagonizado previamente una recorrida junto al intendente Ezequiel Galli que incluy\u00f3 no s\u00f3lo el Palacio Municipal, sino tambi\u00e9n la f\u00e1brica Cerro Negro.<\/p>\n<p>&nbsp;<\/p>\n<p><strong>Tambi\u00e9n sobresale que haya venido Jorge Macri<\/strong>, el intendente del Partido de Vicente L\u00f3pez y con claras aspiraciones de liderar las listas del espacio de cara a la gobernaci\u00f3n de la Provincia. Tal es as\u00ed que es<strong> l\u00edder del denominado Grupo Dorrego, del cual tambi\u00e9n forma parte Ezequiel Galli y algunos de los jefes comunales que en las \u00faltimas horas arribaron a nuestra ciudad<\/strong>.<\/p>\n<p>&nbsp;<\/p>\n<blockquote class=\"twitter-tweet\" data-width=\"550\" data-dnt=\"true\">\n<p lang=\"es\" dir=\"ltr\">Gran encuentro de intendentes PRO, Vecinalistas y Peronistas con <a href=\"https:\/\/twitter.com\/horaciorlarreta?ref_src=twsrc%5Etfw\">@horaciorlarreta<\/a> en <a href=\"https:\/\/twitter.com\/hashtag\/Olavarria?src=hash&amp;ref_src=twsrc%5Etfw\">#Olavarria<\/a> <a href=\"https:\/\/t.co\/N0NCtiG0GO\">pic.twitter.com\/N0NCtiG0GO<\/a><\/p>\n<p>&mdash; Ezequiel Galli (@ezequielgalli) <a href=\"https:\/\/twitter.com\/ezequielgalli\/status\/1405981895809196032?ref_src=twsrc%5Etfw\">June 18, 2021<\/a><\/p><\/blockquote>\n<p><script async src=\"https:\/\/platform.twitter.com\/widgets.js\" charset=\"utf-8\"><\/script><\/p>\n<p>&nbsp;<\/p>\n<p><em><strong>Uno por uno, quienes fueron los intendentes restantes que participaron del encuentro:<\/strong>\u00a0<\/em><\/p>\n<p>&nbsp;<\/p>\n<p>El repaso vale iniciarlo por dos de los distritos m\u00e1s importantes del interior bonaerense, como lo son<strong> Bah\u00eda Blanca y Mar del Plata, o m\u00e1s precisamente H\u00e9ctor Gay y Guillermo Montenegro.<\/strong><\/p>\n<p>&nbsp;<\/p>\n<p>Tambi\u00e9n dieron el presente los intendentes Javier Arturo Mart\u00ednez (Pergamino), Pablo Petrecca (Jun\u00edn), Hern\u00e1n Bertellys (Azul), Mariano Uset (Coronel Rosales), Mariano Barroso (9 de Julio), H\u00e9ctor Gatica (Bragado), Jorge Etcheverry (Lobos), Gustavo Perie (Ramallo), Jos\u00e9 Luis Zara (Patagones), Luis Mar\u00eda Camilo Etchevarren (Dolores), Mart\u00edn Yeza (Pinamar), Lisandro Matzkin (Coronel Pringles), Javier Reynoso (Rivadavia) y Javier Iguacel, jefe comunal de Capit\u00e1n Sarmiento.<\/p>\n","protected":false},"excerpt":{"rendered":"<p>Nuestra ciudad fue escenario de un importante encuentro del armado de Juntos por el Cambio de cara a las elecciones.<\/p>\n","protected":false},"author":3,"featured_media":24374,"comment_status":"closed","ping_status":"closed","sticky":false,"template":"","format":"standard","meta":{"_jetpack_memberships_contains_paid_content":false,"footnotes":""},"categories":[4,1],"tags":[],"class_list":["post-24372","post","type-post","status-publish","format-standard","has-post-thumbnail","hentry","category-politica","category-portada"],"jetpack_featured_media_url":"https:\/\/i0.wp.com\/cdnoticias.com\/wp-content\/uploads\/2021\/06\/portada-intendentes-jxc-dorrego-macri-larreta-galli.jpg?fit=800%2C445&ssl=1","jetpack_sharing_enabled":true,"_links":{"self":[{"href":"https:\/\/cdnoticias.com\/index.php\/wp-json\/wp\/v2\/posts\/24372","targetHints":{"allow":["GET"]}}],"collection":[{"href":"https:\/\/cdnoticias.com\/index.php\/wp-json\/wp\/v2\/posts"}],"about":[{"href":"https:\/\/cdnoticias.com\/index.php\/wp-json\/wp\/v2\/types\/post"}],"author":[{"embeddable":true,"href":"https:\/\/cdnoticias.com\/index.php\/wp-json\/wp\/v2\/users\/3"}],"replies":[{"embeddable":true,"href":"https:\/\/cdnoticias.com\/index.php\/wp-json\/wp\/v2\/comments?post=24372"}],"version-history":[{"count":0,"href":"https:\/\/cdnoticias.com\/index.php\/wp-json\/wp\/v2\/posts\/24372\/revisions"}],"wp:featuredmedia":[{"embeddable":true,"href":"https:\/\/cdnoticias.com\/index.php\/wp-json\/wp\/v2\/media\/24374"}],"wp:attachment":[{"href":"https:\/\/cdnoticias.com\/index.php\/wp-json\/wp\/v2\/media?parent=24372"}],"wp:term":[{"taxonomy":"category","embeddable":true,"href":"https:\/\/cdnoticias.com\/index.php\/wp-json\/wp\/v2\/categories?post=24372"},{"taxonomy":"post_tag","embeddable":true,"href":"https:\/\/cdnoticias.com\/index.php\/wp-json\/wp\/v2\/tags?post=24372"}],"curies":[{"name":"wp","href":"https:\/\/api.w.org\/{rel}","templated":true}]}}