{"id":24312,"date":"2021-06-20T09:13:04","date_gmt":"2021-06-20T12:13:04","guid":{"rendered":"http:\/\/www.centraldenoticias.com.ar\/?p=24312"},"modified":"2021-06-20T15:17:12","modified_gmt":"2021-06-20T18:17:12","slug":"franco-illescas-estar-en-este-momento-en-este-lugar-abre-un-monton-de-puertas","status":"publish","type":"post","link":"https:\/\/cdnoticias.com\/index.php\/2021\/06\/20\/franco-illescas-estar-en-este-momento-en-este-lugar-abre-un-monton-de-puertas\/","title":{"rendered":"Franco Illescas: \u201cEstar en este momento en este lugar abre un mont\u00f3n de puertas\u201d"},"content":{"rendered":"<p>El dirigente local, referente de Adelante Buenos Aires en Olavarr\u00eda, habl\u00f3 con Central de Noticias sobre la candidatura ofrecida a Facundo Manes. \u201cEs el mejor candidato que puede tener hoy el radicalismo\u201d consider\u00f3.<!--more--><\/p>\n<hr \/>\n<p><strong>Josefina Bargas<\/strong> \/ <a href=\"https:\/\/twitter.com\/JosefinaB\" target=\"_blank\" rel=\"noopener\">@JosefinaB<\/a><\/p>\n<p><em>(del staff de Central de Noticias)<\/em><\/p>\n<p>&nbsp;<\/p>\n<p><strong>La UCR le ofreci\u00f3 al cient\u00edfico Facundo Manes encabezar la lista de candidatos a diputados nacionales<\/strong> por la provincia de Buenos Aires. Si bien a\u00fan no respondi\u00f3, la apuesta es que aceptar\u00e1 la postulaci\u00f3n.<\/p>\n<p>&nbsp;<\/p>\n<p>En funci\u00f3n de ello,<strong> ya hay pronunciamientos y posturas tomadas hacia adentro del radicalismo<\/strong>.<strong> Central de Noticias<\/strong> consult\u00f3 con <strong>Franco Illescas<\/strong>, quien fue candidato a presidir el comit\u00e9 local en las internas de marzo por la l\u00ednea que gan\u00f3 el Comit\u00e9 Provincia<a href=\"https:\/\/cdnoticias.com\/index.php\/2021\/03\/22\/la-junta-electoral-de-la-ucr-confirmo-la-victoria-de-abad-en-la-interna-bonaerense\/\"> con Maximiliano Abad al frente<\/a>.<\/p>\n<p>&nbsp;<\/p>\n<p>En la entrevista, Illescas destac\u00f3 la figura de Manes por su <strong>atractivo para propios y ajenos de la coalici\u00f3n Juntos por el Cambio (JxC)<\/strong>. Lo plante\u00f3 en competencia en las PASO, para las que a\u00fan el escenario de definiciones internas no est\u00e1 cerrado.<\/p>\n<p>&nbsp;<\/p>\n<p>Pero adem\u00e1s apunt\u00f3 al plano seccional y olavarriense: <strong>Illescas sostuvo que por su cercan\u00eda con Manes y Abad tiene \u201cun lugar en la mesa de discusi\u00f3n para tratar de armar la mejor propuesta de Juntos por el Cambio en la ciudad\u201d<\/strong>.<\/p>\n<p>&nbsp;<\/p>\n<p><img data-recalc-dims=\"1\" loading=\"lazy\" decoding=\"async\" class=\"size-full wp-image-16194 aligncenter\" src=\"https:\/\/i0.wp.com\/cdnoticias.com\/wp-content\/uploads\/2021\/03\/UCR00.jpg?resize=800%2C445&#038;ssl=1\" alt=\"\" width=\"800\" height=\"445\" srcset=\"https:\/\/i0.wp.com\/cdnoticias.com\/wp-content\/uploads\/2021\/03\/UCR00.jpg?w=800&amp;ssl=1 800w, https:\/\/i0.wp.com\/cdnoticias.com\/wp-content\/uploads\/2021\/03\/UCR00.jpg?resize=300%2C167&amp;ssl=1 300w, https:\/\/i0.wp.com\/cdnoticias.com\/wp-content\/uploads\/2021\/03\/UCR00.jpg?resize=768%2C427&amp;ssl=1 768w\" sizes=\"auto, (max-width: 800px) 100vw, 800px\" \/><\/p>\n<p>&nbsp;<\/p>\n<p><em>-La propuesta de la UCR a Manes para la candidatura, \u00bfc\u00f3mo lleg\u00f3 y qu\u00e9 va a pasar?<\/em><\/p>\n<p>&nbsp;<\/p>\n<p><strong>El proyecto de Facundo Manes lo venimos trabajando desde hace varios a\u00f1os<\/strong>. Tanto en lo que es Adelante Buenos Aires, que ahora encabeza Maximiliano Abad, como Adelante Olavarr\u00eda que encabezo yo. De hecho<strong> el acercamiento que tenemos con Gast\u00f3n<\/strong> (hermano de Facundo), que es un gran amigo, dentro de la lista de los convencionales radicales abri\u00f3 esa puerta para que Facundo pueda ser candidato en la provincia.<\/p>\n<p>&nbsp;<\/p>\n<blockquote><p>Siempre estuvo presente. En la \u00faltima interna siempre nos colabor\u00f3. Tengo mensajes privados y p\u00fablicos con \u00e9l, se hizo p\u00fablico que Facundo Manes apoyaba la Lista 123 que encabezaba yo. Es algo que venimos trabajando desde hace varios a\u00f1os, incluso con un gran dirigente que es Pablo Juliano que est\u00e1 al lado de Facundo.<\/p><\/blockquote>\n<p>&nbsp;<\/p>\n<p>&#8211;<em>\u00bfQu\u00e9 te parece que encabece una lista?<\/em><\/p>\n<p>&nbsp;<\/p>\n<p><strong>De cara a las PASO es el mejor candidato que puede tener hoy el radicalismo<\/strong>. Porque es un candidato no s\u00f3lo que traspasa las fronteras del radicalismo, sino que es el candidato de la persona que va todos los d\u00edas a trabajar, que tiene que pensar en qu\u00e9 le va a dar de comer a sus hijos, en la persona que est\u00e1 pensando en la educaci\u00f3n.<\/p>\n<p>&nbsp;<\/p>\n<blockquote><p>Es el referente hoy del radicalismo ideal para afrontar las pr\u00f3ximas PASO o en todo caso para sentarnos en la mesa de negociaci\u00f3n para armar la mejor lista posible para la provincia de Buenos Aires.<\/p><\/blockquote>\n<p>&nbsp;<\/p>\n<p><img data-recalc-dims=\"1\" loading=\"lazy\" decoding=\"async\" class=\"size-large wp-image-14362 aligncenter\" src=\"https:\/\/i0.wp.com\/cdnoticias.com\/wp-content\/uploads\/2021\/02\/WhatsApp-Image-2021-02-21-at-12.34.42.jpeg?resize=800%2C600&#038;ssl=1\" alt=\"\" width=\"800\" height=\"600\" srcset=\"https:\/\/i0.wp.com\/cdnoticias.com\/wp-content\/uploads\/2021\/02\/WhatsApp-Image-2021-02-21-at-12.34.42.jpeg?resize=1024%2C768&amp;ssl=1 1024w, https:\/\/i0.wp.com\/cdnoticias.com\/wp-content\/uploads\/2021\/02\/WhatsApp-Image-2021-02-21-at-12.34.42.jpeg?resize=300%2C225&amp;ssl=1 300w, https:\/\/i0.wp.com\/cdnoticias.com\/wp-content\/uploads\/2021\/02\/WhatsApp-Image-2021-02-21-at-12.34.42.jpeg?resize=768%2C576&amp;ssl=1 768w, https:\/\/i0.wp.com\/cdnoticias.com\/wp-content\/uploads\/2021\/02\/WhatsApp-Image-2021-02-21-at-12.34.42.jpeg?w=1032&amp;ssl=1 1032w\" sizes=\"auto, (max-width: 800px) 100vw, 800px\" \/><\/p>\n<p>&nbsp;<\/p>\n<p><em>-Por lo que dec\u00eds, el escenario est\u00e1 abierto tanto para ir a una PASO como para acordar lista \u00fanica.<\/em><\/p>\n<p>&nbsp;<\/p>\n<p>Falta tiempo todav\u00eda como para decidir cu\u00e1l va a ser la propuesta. Lo que pasa es que <strong>los principales actores tienen que sentarse a dialogar cu\u00e1l va a ser la estrategia de JxC<\/strong>. Hacer una lista o dirimir en las PASO. Yo creo que va a haber entendimiento y que por ah\u00ed se puede consensuar una lista. Pero mientras tanto el radicalismo tiene que pensar en tener sus mejores candidatos.<\/p>\n<p>&nbsp;<\/p>\n<p><em>-\u00bfManes va a aceptar esta propuesta, lo das por hecho?<\/em><\/p>\n<p>&nbsp;<\/p>\n<p>Es un proyecto que venimos trabajando desde hace a\u00f1os. Vemos que se va a plasmar este a\u00f1o. No solo para ahora, sino <strong>seguir pens\u00e1ndolo a futuro, en 2023 tambi\u00e9n<\/strong>. Entonces, ac\u00e1 desde la S\u00e9ptima secci\u00f3n estamos con el armado de la mejor propuesta, con <strong>Alejandro Cellillo<\/strong>, con la diputada<strong> Alejandra Lorden<\/strong>.\u00a0Venimos trabajando desde hace a\u00f1os con el proyecto de Facundo, y tambi\u00e9n con el proyecto de Gast\u00f3n, que es una gran persona que tambi\u00e9n merece estar en una lista. Pero hoy en d\u00eda pensamos en Facundo, que es una persona m\u00e1s abarcativa en lo que es no s\u00f3lo la gente del radicalismo.<\/p>\n<p>&nbsp;<\/p>\n<p><img data-recalc-dims=\"1\" loading=\"lazy\" decoding=\"async\" class=\"size-full wp-image-16848 aligncenter\" src=\"https:\/\/i0.wp.com\/cdnoticias.com\/wp-content\/uploads\/2021\/03\/DIB-Abad-UCR.jpg?resize=664%2C420&#038;ssl=1\" alt=\"\" width=\"664\" height=\"420\" srcset=\"https:\/\/i0.wp.com\/cdnoticias.com\/wp-content\/uploads\/2021\/03\/DIB-Abad-UCR.jpg?w=664&amp;ssl=1 664w, https:\/\/i0.wp.com\/cdnoticias.com\/wp-content\/uploads\/2021\/03\/DIB-Abad-UCR.jpg?resize=300%2C190&amp;ssl=1 300w\" sizes=\"auto, (max-width: 664px) 100vw, 664px\" \/><\/p>\n<p>&nbsp;<\/p>\n<p><em>-Habl\u00e1s de la S\u00e9ptima, \u00bfqu\u00e9 se ve para y de Olavarr\u00eda en esta etapa del armado?<\/em><\/p>\n<p>&nbsp;<\/p>\n<p><strong>Hay cuestiones que se van a definir desde la provincia, el caso del armado de la S\u00e9ptima<\/strong>. Todav\u00eda no tenemos una definici\u00f3n clara de c\u00f3mo ser\u00e1. Tienen que definirlo los representantes provinciales y elegir la mejor estrategia de JxC.<\/p>\n<p>&nbsp;<\/p>\n<blockquote><p>En la ciudad todav\u00eda no hemos charlado. Tendremos que juntarnos para analizar qu\u00e9 es lo mejor para el radicalismo y qu\u00e9 se va a buscar, veremos si estamos de acuerdo todas las l\u00edneas, y tambi\u00e9n tenemos que ver la estrategia de Juntos por el Cambio, con los representantes del Pro, de toda la coalici\u00f3n.<\/p><\/blockquote>\n<p>&nbsp;<\/p>\n<p><em>-En este escenario despu\u00e9s de la interna de UCR quedaste en un lugar privilegiado, sos el referente de Maxi Abad\u2026<\/em><\/p>\n<p>&nbsp;<\/p>\n<p>Claro, y de Facundo Manes tambi\u00e9n. De Maxi Abad con el Comit\u00e9 Provincia.<\/p>\n<p>&nbsp;<\/p>\n<p><img data-recalc-dims=\"1\" loading=\"lazy\" decoding=\"async\" class=\"size-full wp-image-24333 aligncenter\" src=\"https:\/\/i0.wp.com\/cdnoticias.com\/wp-content\/uploads\/2021\/06\/UCR-maxi-abad-franco-illescas-00.jpg?resize=800%2C444&#038;ssl=1\" alt=\"\" width=\"800\" height=\"444\" srcset=\"https:\/\/i0.wp.com\/cdnoticias.com\/wp-content\/uploads\/2021\/06\/UCR-maxi-abad-franco-illescas-00.jpg?w=800&amp;ssl=1 800w, https:\/\/i0.wp.com\/cdnoticias.com\/wp-content\/uploads\/2021\/06\/UCR-maxi-abad-franco-illescas-00.jpg?resize=300%2C167&amp;ssl=1 300w, https:\/\/i0.wp.com\/cdnoticias.com\/wp-content\/uploads\/2021\/06\/UCR-maxi-abad-franco-illescas-00.jpg?resize=768%2C426&amp;ssl=1 768w\" sizes=\"auto, (max-width: 800px) 100vw, 800px\" \/><\/p>\n<p>&nbsp;<\/p>\n<p><em>-\u00bfEsto va a representar para vos o para alguien local de Adelante Buenos Aires alg\u00fan privilegio para la negociaci\u00f3n de las listas?<\/em><\/p>\n<p>&nbsp;<\/p>\n<blockquote><p>En realidad estar en este momento en este lugar abre un mont\u00f3n de puertas, m\u00e1s que nada el hecho de ser el representante directo de la l\u00ednea que gan\u00f3 el Comit\u00e9 de la provincia de Buenos Aires. Eso hace que tenga un lugar en la mesa de discusi\u00f3n para tratar de armar la mejor propuesta de JxC en la ciudad.<\/p><\/blockquote>\n<p>&nbsp;<\/p>\n<p><em><strong>-\u00bfQuer\u00e9s agregar algo?<\/strong><\/em><\/p>\n<p>&nbsp;<\/p>\n<p>Nosotros seguimos trabajando dentro del espacio, y <strong>hay muchas personas que gracias al proyecto de Facundo se est\u00e1n sumando<\/strong>. Seguimos en el local de Adelante Olavarr\u00eda, trabajamos con Ale Cellillo y Alejandra Lorden para tener la mejor representaci\u00f3n de la lista nuestra tambi\u00e9n.<\/p>\n","protected":false},"excerpt":{"rendered":"<p>El dirigente local, referente de Adelante Buenos Aires en Olavarr\u00eda, habl\u00f3 con Central de Noticias sobre la candidatura ofrecida a<\/p>\n","protected":false},"author":4,"featured_media":24334,"comment_status":"closed","ping_status":"closed","sticky":false,"template":"","format":"standard","meta":{"_jetpack_memberships_contains_paid_content":false,"footnotes":""},"categories":[4,1],"tags":[],"class_list":["post-24312","post","type-post","status-publish","format-standard","has-post-thumbnail","hentry","category-politica","category-portada"],"jetpack_featured_media_url":"https:\/\/i0.wp.com\/cdnoticias.com\/wp-content\/uploads\/2021\/06\/UCR-facundo-manes-franco-illescas-00.jpg?fit=1280%2C712&ssl=1","jetpack_sharing_enabled":true,"_links":{"self":[{"href":"https:\/\/cdnoticias.com\/index.php\/wp-json\/wp\/v2\/posts\/24312","targetHints":{"allow":["GET"]}}],"collection":[{"href":"https:\/\/cdnoticias.com\/index.php\/wp-json\/wp\/v2\/posts"}],"about":[{"href":"https:\/\/cdnoticias.com\/index.php\/wp-json\/wp\/v2\/types\/post"}],"author":[{"embeddable":true,"href":"https:\/\/cdnoticias.com\/index.php\/wp-json\/wp\/v2\/users\/4"}],"replies":[{"embeddable":true,"href":"https:\/\/cdnoticias.com\/index.php\/wp-json\/wp\/v2\/comments?post=24312"}],"version-history":[{"count":0,"href":"https:\/\/cdnoticias.com\/index.php\/wp-json\/wp\/v2\/posts\/24312\/revisions"}],"wp:featuredmedia":[{"embeddable":true,"href":"https:\/\/cdnoticias.com\/index.php\/wp-json\/wp\/v2\/media\/24334"}],"wp:attachment":[{"href":"https:\/\/cdnoticias.com\/index.php\/wp-json\/wp\/v2\/media?parent=24312"}],"wp:term":[{"taxonomy":"category","embeddable":true,"href":"https:\/\/cdnoticias.com\/index.php\/wp-json\/wp\/v2\/categories?post=24312"},{"taxonomy":"post_tag","embeddable":true,"href":"https:\/\/cdnoticias.com\/index.php\/wp-json\/wp\/v2\/tags?post=24312"}],"curies":[{"name":"wp","href":"https:\/\/api.w.org\/{rel}","templated":true}]}}