{"id":24275,"date":"2021-06-17T20:27:17","date_gmt":"2021-06-17T23:27:17","guid":{"rendered":"http:\/\/www.centraldenoticias.com.ar\/?p=24275"},"modified":"2021-06-18T09:46:32","modified_gmt":"2021-06-18T12:46:32","slug":"mas-de-177-mil-dosis-aplicadas-en-la-region-sanitaria-ix","status":"publish","type":"post","link":"https:\/\/cdnoticias.com\/index.php\/2021\/06\/17\/mas-de-177-mil-dosis-aplicadas-en-la-region-sanitaria-ix\/","title":{"rendered":"M\u00e1s de 177 mil dosis aplicadas en la Regi\u00f3n Sanitaria IX"},"content":{"rendered":"<p>Corresponden al plan de vacunaci\u00f3n en los 10 municipios que integran la regi\u00f3n. Olavarr\u00eda cuenta con alrededor de 55 mil dosis aplicadas. <strong>El detalle de las aplicaciones<\/strong>.<!--more--><\/p>\n<hr \/>\n<p>Desde Regi\u00f3n Sanitaria IX se brind\u00f3 un informe detallado de las vacunas aplicadas en los 10 municipios que integran el circuito. De esta forma, destacaron que se inscribieron al plan de vacunaci\u00f3n un total de 192.450 vecinas y vecinos. De este n\u00famero,<strong> 132.6919 (69%) ya recibieron la primera dosis.<\/strong><\/p>\n<p>&nbsp;<\/p>\n<p>De los datos se desprende adem\u00e1s que, sobre<strong> 35.845 adultos mayores de 70 a\u00f1os anotados, se inocularon 34.193<\/strong> (95%), y<strong> la franja comprendida entre 60 a 69 a\u00f1os con factores de riesgo, incluye a 13.528 registrados y 11.878 vacunados<\/strong> (el 88%) hasta el momento.<\/p>\n<p>&nbsp;<\/p>\n<p><img data-recalc-dims=\"1\" loading=\"lazy\" decoding=\"async\" class=\"alignnone size-full wp-image-24285\" src=\"https:\/\/i0.wp.com\/cdnoticias.com\/wp-content\/uploads\/2021\/06\/COVID-19-1.png?resize=800%2C800&#038;ssl=1\" alt=\"\" width=\"800\" height=\"800\" srcset=\"https:\/\/i0.wp.com\/cdnoticias.com\/wp-content\/uploads\/2021\/06\/COVID-19-1.png?w=1080&amp;ssl=1 1080w, https:\/\/i0.wp.com\/cdnoticias.com\/wp-content\/uploads\/2021\/06\/COVID-19-1.png?resize=150%2C150&amp;ssl=1 150w, https:\/\/i0.wp.com\/cdnoticias.com\/wp-content\/uploads\/2021\/06\/COVID-19-1.png?resize=300%2C300&amp;ssl=1 300w, https:\/\/i0.wp.com\/cdnoticias.com\/wp-content\/uploads\/2021\/06\/COVID-19-1.png?resize=768%2C768&amp;ssl=1 768w, https:\/\/i0.wp.com\/cdnoticias.com\/wp-content\/uploads\/2021\/06\/COVID-19-1.png?resize=1024%2C1024&amp;ssl=1 1024w\" sizes=\"auto, (max-width: 800px) 100vw, 800px\" \/><\/p>\n<p>&nbsp;<\/p>\n<p>Finalmente, el grupo poblacional <strong>entre 50 y 59 a\u00f1os con factores de riesgo alcanza a 14.399 vacunados sobre un total de 16.942 inscriptos<\/strong> (85%).<\/p>\n<p>&nbsp;<\/p>\n<p><img data-recalc-dims=\"1\" loading=\"lazy\" decoding=\"async\" class=\"alignnone size-full wp-image-24286\" src=\"https:\/\/i0.wp.com\/cdnoticias.com\/wp-content\/uploads\/2021\/06\/COVID-19-2.png?resize=800%2C800&#038;ssl=1\" alt=\"\" width=\"800\" height=\"800\" srcset=\"https:\/\/i0.wp.com\/cdnoticias.com\/wp-content\/uploads\/2021\/06\/COVID-19-2.png?w=1080&amp;ssl=1 1080w, https:\/\/i0.wp.com\/cdnoticias.com\/wp-content\/uploads\/2021\/06\/COVID-19-2.png?resize=150%2C150&amp;ssl=1 150w, https:\/\/i0.wp.com\/cdnoticias.com\/wp-content\/uploads\/2021\/06\/COVID-19-2.png?resize=300%2C300&amp;ssl=1 300w, https:\/\/i0.wp.com\/cdnoticias.com\/wp-content\/uploads\/2021\/06\/COVID-19-2.png?resize=768%2C768&amp;ssl=1 768w, https:\/\/i0.wp.com\/cdnoticias.com\/wp-content\/uploads\/2021\/06\/COVID-19-2.png?resize=1024%2C1024&amp;ssl=1 1024w\" sizes=\"auto, (max-width: 800px) 100vw, 800px\" \/><\/p>\n<p>&nbsp;<\/p>\n<p>El total de dosis aplicadas asciende a <strong>177.737, entre el primero y segundo componente.<\/strong><\/p>\n<p>&nbsp;<\/p>\n<p><em><strong>En Olavarr\u00eda<\/strong><\/em><\/p>\n<p>&nbsp;<\/p>\n<p>Por su parte, en nuestro partido el <strong>Plan Provincial de Vacunaci\u00f3n qued\u00f3 al borde las 55 mil dosis aplicadas<\/strong> y en las \u00faltimas horas lleg\u00f3 a la localidad de Sierra Chica.<\/p>\n<p>&nbsp;<\/p>\n<p>De acuerdo con lo que se enfatiz\u00f3 desde Regi\u00f3n Sanitaria IX, la vacunaci\u00f3n itinerante estuvo este jueves <strong>en el Club Atl\u00e9tico Sierra Chica ubicado sobre Av. Legorburu y Av. Centenario. All\u00ed se inocularon 14 personas.<\/strong><\/p>\n<p>&nbsp;<\/p>\n<blockquote><p>Este jueves\u00a0 llegaron a Olavarr\u00eda 1.500 dosis de Covishield, que fueron repartidas en partes iguales entre el Hospital de Oncolog\u00eda, el Servicio Territorial 2 y la Facultad de Ciencias de la Salud.<\/p><\/blockquote>\n<p>&nbsp;<\/p>\n<p>Adem\u00e1s, la Mutual Carlos Alberto Moreno aplic\u00f3 151 segundas dosis y el Hospital de Oncolog\u00eda 396 primeras dosis. En total durante la jornada de hoy se aplicaron 561 dosis en todo el distrito. <strong>Olavarr\u00eda tiene 65.729 inscriptos al plan de vacunaci\u00f3n, 43.681 personas vacunadas y 54.993 dosis aplicadas.<\/strong><\/p>\n<p>&nbsp;<\/p>\n<p><strong>Este viernes la posta de vacunaci\u00f3n itinerante se trasladar\u00e1 hasta Loma Negra<\/strong>, al sal\u00f3n de Aoma ubicado en \u00c1lvaro Barros 1317, vecinas y vecinos mayores de 60 a\u00f1os podr\u00e1n recibir la primera dosis sin necesidad de obtener turno previo, en el horario de 9 a 12hs.<\/p>\n<p>&nbsp;<\/p>\n","protected":false},"excerpt":{"rendered":"<p>Corresponden al plan de vacunaci\u00f3n en los 10 municipios que integran la regi\u00f3n. Olavarr\u00eda cuenta con alrededor de 55 mil<\/p>\n","protected":false},"author":5,"featured_media":24284,"comment_status":"closed","ping_status":"closed","sticky":false,"template":"","format":"standard","meta":{"_jetpack_memberships_contains_paid_content":false,"footnotes":""},"categories":[16,1],"tags":[],"class_list":["post-24275","post","type-post","status-publish","format-standard","has-post-thumbnail","hentry","category-covid-19","category-portada"],"jetpack_featured_media_url":"https:\/\/i0.wp.com\/cdnoticias.com\/wp-content\/uploads\/2021\/06\/WhatsApp-Image-2021-06-14-at-11.55.36.jpeg?fit=1280%2C847&ssl=1","jetpack_sharing_enabled":true,"_links":{"self":[{"href":"https:\/\/cdnoticias.com\/index.php\/wp-json\/wp\/v2\/posts\/24275","targetHints":{"allow":["GET"]}}],"collection":[{"href":"https:\/\/cdnoticias.com\/index.php\/wp-json\/wp\/v2\/posts"}],"about":[{"href":"https:\/\/cdnoticias.com\/index.php\/wp-json\/wp\/v2\/types\/post"}],"author":[{"embeddable":true,"href":"https:\/\/cdnoticias.com\/index.php\/wp-json\/wp\/v2\/users\/5"}],"replies":[{"embeddable":true,"href":"https:\/\/cdnoticias.com\/index.php\/wp-json\/wp\/v2\/comments?post=24275"}],"version-history":[{"count":0,"href":"https:\/\/cdnoticias.com\/index.php\/wp-json\/wp\/v2\/posts\/24275\/revisions"}],"wp:featuredmedia":[{"embeddable":true,"href":"https:\/\/cdnoticias.com\/index.php\/wp-json\/wp\/v2\/media\/24284"}],"wp:attachment":[{"href":"https:\/\/cdnoticias.com\/index.php\/wp-json\/wp\/v2\/media?parent=24275"}],"wp:term":[{"taxonomy":"category","embeddable":true,"href":"https:\/\/cdnoticias.com\/index.php\/wp-json\/wp\/v2\/categories?post=24275"},{"taxonomy":"post_tag","embeddable":true,"href":"https:\/\/cdnoticias.com\/index.php\/wp-json\/wp\/v2\/tags?post=24275"}],"curies":[{"name":"wp","href":"https:\/\/api.w.org\/{rel}","templated":true}]}}