{"id":24242,"date":"2021-06-17T15:44:35","date_gmt":"2021-06-17T18:44:35","guid":{"rendered":"http:\/\/www.centraldenoticias.com.ar\/?p=24242"},"modified":"2021-06-17T15:44:35","modified_gmt":"2021-06-17T18:44:35","slug":"continua-la-busqueda-de-la-nina-desaparecida-en-san-luis","status":"publish","type":"post","link":"https:\/\/cdnoticias.com\/index.php\/2021\/06\/17\/continua-la-busqueda-de-la-nina-desaparecida-en-san-luis\/","title":{"rendered":"Contin\u00faa la b\u00fasqueda de la ni\u00f1a desaparecida en San Luis"},"content":{"rendered":"<p>Especialistas federales trabajan en forma coordinada con las fuerzas de seguridad de la provincia. El caso de Guadalupe fue incluido en el sistema \u201cAlerta Sof\u00eda\u201d y en Missing Children.<!--more--><\/p>\n<hr \/>\n<p>En las \u00faltimas horas miembros del Sistema Federal de B\u00fasqueda de Personas Desaparecidas y Extraviadas (Sifebu) llegaron a San Luis, para colaborar en la b\u00fasqueda de <strong>Guadalupe Bel\u00e9n Lucero, la ni\u00f1a de 5 a\u00f1os que permanece desaparecida desde el lunes \u00faltimo.<\/strong><\/p>\n<p>&nbsp;<\/p>\n<p>Los especialistas, que trabajar\u00e1n en forma coordinada con la Fuerza de Seguridad provincial en la sala de situaci\u00f3n en la Jefatura Central de Polic\u00eda, integran el Sistema Federal del que San Luis es parte y que permiti\u00f3 incluir el caso de Guadalupe en el sistema <strong>\u201cAlerta Sof\u00eda\u201d y en Missing Children<\/strong>, el programa de aviso de emergencia ante casos de ni\u00f1os, ni\u00f1as o adolescentes desaparecidos que puedan encontrarse en peligro.<\/p>\n<p>&nbsp;<\/p>\n<p>La comitiva federal est\u00e1 integrada por Mar\u00eda Leticia Risco, coordinadora de Sifebu; Mercedes Ardanaz, asesora legal del organismo; Virginia Lourenco, secretaria de la Procuradur\u00eda de Trata y Explotaci\u00f3n de Personas (Protex); el principal Hern\u00e1n Neil de Investigaciones PFA \u2013 Sifebu; el sargento 1\u00b0 (R) Elio D\u00b4Andrea, experto en rastrillaje con canes PFA-Sifebu y Franco Romero, de Gendarmer\u00eda Nacional\u2013 en comisi\u00f3n en Sifebu.<\/p>\n<p>&nbsp;<\/p>\n<p>Este sistema, de Alerta Sofia, permite acceder a un plan de recompensa a nivel nacional que el Ministerio de Seguridad ya est\u00e1 gestionando y que ha sido reclamada por el padre biol\u00f3gico de la Guadalupe, quien pidi\u00f3 al gobernador de la provincia, Alberto Rodriguez Sa\u00e1, que otorgue<strong><em> \u201cuna recompensa para quienes den datos certeros del paradero de su hija\u201d<\/em> <\/strong>y que busquen tambi\u00e9n con rastrillajes por otros lugares de la ciudad.<\/p>\n<p>&nbsp;<\/p>\n<p><strong>Tareas de b\u00fasqueda<\/strong><\/p>\n<p>&nbsp;<\/p>\n<p><strong>La Polic\u00eda de la Provincia sigue desarrollando diversas tareas en b\u00fasqueda de Guadalupe Bel\u00e9n Lucero<\/strong>, el mi\u00e9rcoles 400 efectivos policiales realizaron 15 rastrillajes en cuatro nuevos sectores ubicados en inmediaciones del barrio 208 Viviendas, donde reside la ni\u00f1a en el sector norte de esta capital, sobre la Ruta Nacional 147.<\/p>\n<p>&nbsp;<\/p>\n<p>La llegada de las fuerzas federales y las declaraciones del juez penal de causa, Ariel Parrillis, que manifest\u00f3 que existe la hip\u00f3tesis que la nena sea dejada en un espacio p\u00fablico, e inst\u00f3 a la comunidad a <strong>estar alerta ante la presencia de ni\u00f1as solas en parques o plazas, abona las expectativas sobre la restituci\u00f3n de la peque\u00f1a a sus padres.<\/strong><\/p>\n<p>&nbsp;<\/p>\n<p><em>&#8220;Instamos a la comunidad a estar alerta por la presencia de ni\u00f1as solas en espacios p\u00fablicos, la provincia se encuentra en m\u00e1xima alerta, con todas las medidas judiciales dictadas para dar con el paradero de Guadalupe&#8221;<\/em>, dijo el magistrado este mi\u00e9rcoles a T\u00e9lam, ante la movilizaci\u00f3n y b\u00fasqueda a la que se sumaron amplios sectores de la sociedad.<\/p>\n<p>&nbsp;<\/p>\n<p>La ni\u00f1a es de tez trigue\u00f1a, tiene cabello lacio, por debajo de los hombros, un lunar en la mejilla izquierda y al momento de su desaparici\u00f3n vest\u00eda una campera parca negra con capucha, buzo rosa y llevaba botas negras.<\/p>\n<p>&nbsp;<\/p>\n<p>Fuente: T\u00e9lam<\/p>\n","protected":false},"excerpt":{"rendered":"<p>Especialistas federales trabajan en forma coordinada con las fuerzas de seguridad de la provincia. El caso de Guadalupe fue incluido<\/p>\n","protected":false},"author":5,"featured_media":24244,"comment_status":"closed","ping_status":"closed","sticky":false,"template":"","format":"standard","meta":{"_jetpack_memberships_contains_paid_content":false,"footnotes":""},"categories":[6,1],"tags":[],"class_list":["post-24242","post","type-post","status-publish","format-standard","has-post-thumbnail","hentry","category-nacionales","category-portada"],"jetpack_featured_media_url":"https:\/\/i0.wp.com\/cdnoticias.com\/wp-content\/uploads\/2021\/06\/60c8d3807b384_1004x565.jpg?fit=1004%2C565&ssl=1","jetpack_sharing_enabled":true,"_links":{"self":[{"href":"https:\/\/cdnoticias.com\/index.php\/wp-json\/wp\/v2\/posts\/24242","targetHints":{"allow":["GET"]}}],"collection":[{"href":"https:\/\/cdnoticias.com\/index.php\/wp-json\/wp\/v2\/posts"}],"about":[{"href":"https:\/\/cdnoticias.com\/index.php\/wp-json\/wp\/v2\/types\/post"}],"author":[{"embeddable":true,"href":"https:\/\/cdnoticias.com\/index.php\/wp-json\/wp\/v2\/users\/5"}],"replies":[{"embeddable":true,"href":"https:\/\/cdnoticias.com\/index.php\/wp-json\/wp\/v2\/comments?post=24242"}],"version-history":[{"count":0,"href":"https:\/\/cdnoticias.com\/index.php\/wp-json\/wp\/v2\/posts\/24242\/revisions"}],"wp:featuredmedia":[{"embeddable":true,"href":"https:\/\/cdnoticias.com\/index.php\/wp-json\/wp\/v2\/media\/24244"}],"wp:attachment":[{"href":"https:\/\/cdnoticias.com\/index.php\/wp-json\/wp\/v2\/media?parent=24242"}],"wp:term":[{"taxonomy":"category","embeddable":true,"href":"https:\/\/cdnoticias.com\/index.php\/wp-json\/wp\/v2\/categories?post=24242"},{"taxonomy":"post_tag","embeddable":true,"href":"https:\/\/cdnoticias.com\/index.php\/wp-json\/wp\/v2\/tags?post=24242"}],"curies":[{"name":"wp","href":"https:\/\/api.w.org\/{rel}","templated":true}]}}