{"id":24233,"date":"2021-06-17T12:45:29","date_gmt":"2021-06-17T15:45:29","guid":{"rendered":"http:\/\/www.centraldenoticias.com.ar\/?p=24233"},"modified":"2021-06-17T14:00:21","modified_gmt":"2021-06-17T17:00:21","slug":"no-habra-mas-aumentos-en-luz-agua-y-combustibles-hasta-fin-de-ano","status":"publish","type":"post","link":"https:\/\/cdnoticias.com\/index.php\/2021\/06\/17\/no-habra-mas-aumentos-en-luz-agua-y-combustibles-hasta-fin-de-ano\/","title":{"rendered":"No habr\u00e1 m\u00e1s aumentos en luz, agua y combustibles hasta fin de a\u00f1o"},"content":{"rendered":"<p>Lo confirm\u00f3 el gobierno este jueves. Esperan que con este anuncio haya un impacto positivo en la inflaci\u00f3n del segundo semestre.<!--more--><\/p>\n<hr \/>\n<p>El gobierno nacional confirm\u00f3, este jueves, que<strong> no habr\u00e1 m\u00e1s aumentos hasta fin de a\u00f1o para los servicios de gas, luz y combustibles.<\/strong> Se espera que esta novedad impacte positivamente en los n\u00fameros de la inflaci\u00f3n del segundo semestre.<\/p>\n<p>&nbsp;<\/p>\n<p><strong>Quien confirm\u00f3 la noticia fue el secretario de Energ\u00eda de la Naci\u00f3n, Dar\u00edo Mart\u00ednez<\/strong>, que m\u00e1s all\u00e1 de la presi\u00f3n por la suba del precio del petr\u00f3leo el Gobierno<strong><em> \u201cno planea realizar una suba de tarifas en el segundo semestre del 2021 para la nafta\u201d<\/em><\/strong>. Lo mismo aplica para las tarifas de luz y gas por el resto del a\u00f1o en este contexto de pandemia.<\/p>\n<p>&nbsp;<\/p>\n<blockquote><p>\u201cEl Presidente y la vicepresidenta decidieron este a\u00f1o que ya hay muchas dificultades no tener un impacto en cuanto a las tarifas y esa es una decisi\u00f3n que nosotros trasladamos\u201d, dijo.<\/p><\/blockquote>\n<p>&nbsp;<\/p>\n<p><em>\u201cEso genera una tensi\u00f3n entre el Estado y las productoras pero nosotros creemos que en el segundo semestre no deber\u00edan variar los precios, no deber\u00eda haber incrementos. Es verdad que sube el Brent y los precios los definen las productoras pero nosotros creemos que no deber\u00eda haber movimientos en el segundo semestre\u201d,<\/em> indic\u00f3.<\/p>\n<p>&nbsp;<\/p>\n<p>Luego se\u00f1al\u00f3 que, para la segmentaci\u00f3n de tarifas de gas, habr\u00e1 que esperar, y explic\u00f3:<strong><em> \u201cQueremos hacer un uso inteligente de los subsidios, es un proceso complejo de armado de base de datos que nunca se hizo y, en un contexto de pandemia, es m\u00e1s dif\u00edcil todav\u00eda\u201d.<\/em><\/strong><\/p>\n","protected":false},"excerpt":{"rendered":"<p>Lo confirm\u00f3 el gobierno este jueves. Esperan que con este anuncio haya un impacto positivo en la inflaci\u00f3n del segundo<\/p>\n","protected":false},"author":2,"featured_media":13787,"comment_status":"closed","ping_status":"closed","sticky":false,"template":"","format":"standard","meta":{"_jetpack_memberships_contains_paid_content":false,"footnotes":""},"categories":[6,1],"tags":[],"class_list":["post-24233","post","type-post","status-publish","format-standard","has-post-thumbnail","hentry","category-nacionales","category-portada"],"jetpack_featured_media_url":"https:\/\/i0.wp.com\/cdnoticias.com\/wp-content\/uploads\/2021\/02\/YPFcombustibles01.jpg?fit=800%2C445&ssl=1","jetpack_sharing_enabled":true,"_links":{"self":[{"href":"https:\/\/cdnoticias.com\/index.php\/wp-json\/wp\/v2\/posts\/24233","targetHints":{"allow":["GET"]}}],"collection":[{"href":"https:\/\/cdnoticias.com\/index.php\/wp-json\/wp\/v2\/posts"}],"about":[{"href":"https:\/\/cdnoticias.com\/index.php\/wp-json\/wp\/v2\/types\/post"}],"author":[{"embeddable":true,"href":"https:\/\/cdnoticias.com\/index.php\/wp-json\/wp\/v2\/users\/2"}],"replies":[{"embeddable":true,"href":"https:\/\/cdnoticias.com\/index.php\/wp-json\/wp\/v2\/comments?post=24233"}],"version-history":[{"count":0,"href":"https:\/\/cdnoticias.com\/index.php\/wp-json\/wp\/v2\/posts\/24233\/revisions"}],"wp:featuredmedia":[{"embeddable":true,"href":"https:\/\/cdnoticias.com\/index.php\/wp-json\/wp\/v2\/media\/13787"}],"wp:attachment":[{"href":"https:\/\/cdnoticias.com\/index.php\/wp-json\/wp\/v2\/media?parent=24233"}],"wp:term":[{"taxonomy":"category","embeddable":true,"href":"https:\/\/cdnoticias.com\/index.php\/wp-json\/wp\/v2\/categories?post=24233"},{"taxonomy":"post_tag","embeddable":true,"href":"https:\/\/cdnoticias.com\/index.php\/wp-json\/wp\/v2\/tags?post=24233"}],"curies":[{"name":"wp","href":"https:\/\/api.w.org\/{rel}","templated":true}]}}