{"id":24225,"date":"2021-06-17T12:00:41","date_gmt":"2021-06-17T15:00:41","guid":{"rendered":"http:\/\/www.centraldenoticias.com.ar\/?p=24225"},"modified":"2021-06-17T12:00:41","modified_gmt":"2021-06-17T15:00:41","slug":"julio-oscar-pereyra-el-negro-q-e-p-d","status":"publish","type":"post","link":"https:\/\/cdnoticias.com\/index.php\/2021\/06\/17\/julio-oscar-pereyra-el-negro-q-e-p-d\/","title":{"rendered":"Julio Oscar Pereyra &#8220;El negro&#8221; (Q.E.P.D.)"},"content":{"rendered":"<p>Falleci\u00f3 en Olavarr\u00eda el 17 de junio de 2021 a los 75 a\u00f1os. Sus hijos Alejandra y Cristian; su hijo pol\u00edtico Baldomero; sus nietos Antonella, Roberto, Agustina y Emma; sus hermanas Marta, Olga y N\u00e9lida Pereyra; su sobrina Yanina Battigeli y dem\u00e1s deudos participan su fallecimiento.<\/p>\n<p>&nbsp;<\/p>\n<p>Sus restos ser\u00e1n velados en la Sala de Espa\u00f1a 2942, departamento \u201cD\u201d este jueves a las 13:30 horas e inhumados en el Cementerio Loma de Paz, previo responso en la Capilla Ardiente, a las 15:30 horas. Nacido en General La Madrid, vecino de San Vicente, pintor jubilado.<\/p>\n","protected":false},"excerpt":{"rendered":"<p>Falleci\u00f3 en Olavarr\u00eda el 17 de junio de 2021 a los 75 a\u00f1os. Sus hijos Alejandra y Cristian; su hijo<\/p>\n","protected":false},"author":2,"featured_media":0,"comment_status":"closed","ping_status":"closed","sticky":false,"template":"","format":"standard","meta":{"_jetpack_memberships_contains_paid_content":false,"footnotes":""},"categories":[10],"tags":[],"class_list":["post-24225","post","type-post","status-publish","format-standard","hentry","category-necrologicas"],"jetpack_featured_media_url":"","jetpack_sharing_enabled":true,"_links":{"self":[{"href":"https:\/\/cdnoticias.com\/index.php\/wp-json\/wp\/v2\/posts\/24225","targetHints":{"allow":["GET"]}}],"collection":[{"href":"https:\/\/cdnoticias.com\/index.php\/wp-json\/wp\/v2\/posts"}],"about":[{"href":"https:\/\/cdnoticias.com\/index.php\/wp-json\/wp\/v2\/types\/post"}],"author":[{"embeddable":true,"href":"https:\/\/cdnoticias.com\/index.php\/wp-json\/wp\/v2\/users\/2"}],"replies":[{"embeddable":true,"href":"https:\/\/cdnoticias.com\/index.php\/wp-json\/wp\/v2\/comments?post=24225"}],"version-history":[{"count":0,"href":"https:\/\/cdnoticias.com\/index.php\/wp-json\/wp\/v2\/posts\/24225\/revisions"}],"wp:attachment":[{"href":"https:\/\/cdnoticias.com\/index.php\/wp-json\/wp\/v2\/media?parent=24225"}],"wp:term":[{"taxonomy":"category","embeddable":true,"href":"https:\/\/cdnoticias.com\/index.php\/wp-json\/wp\/v2\/categories?post=24225"},{"taxonomy":"post_tag","embeddable":true,"href":"https:\/\/cdnoticias.com\/index.php\/wp-json\/wp\/v2\/tags?post=24225"}],"curies":[{"name":"wp","href":"https:\/\/api.w.org\/{rel}","templated":true}]}}