{"id":24187,"date":"2021-06-16T19:48:36","date_gmt":"2021-06-16T22:48:36","guid":{"rendered":"http:\/\/www.centraldenoticias.com.ar\/?p=24187"},"modified":"2021-06-16T19:48:36","modified_gmt":"2021-06-16T22:48:36","slug":"maria-peralta-estamos-para-resolver-los-problemas-que-surjan-en-la-sociedad","status":"publish","type":"post","link":"https:\/\/cdnoticias.com\/index.php\/2021\/06\/16\/maria-peralta-estamos-para-resolver-los-problemas-que-surjan-en-la-sociedad\/","title":{"rendered":"Mar\u00eda Peralta: \u201cEstamos para resolver los problemas que surjan en la sociedad\u201d"},"content":{"rendered":"<p>En el marco del D\u00eda del Ingeniero y la Ingeniera, la vicedecana de la Facultad de Ingenier\u00eda, Mar\u00eda Peralta, habl\u00f3 con Radio Universidad (FM 90.1) sobre los objetivos en este contexto de pandemia y los proyectos a futuro.<\/p>\n<p><!--more--><\/p>\n<hr \/>\n<p>Este 16 de junio se celebra el<strong> D\u00eda del Ingeniero y la Ingeniera<\/strong> en nuestro pa\u00eds, en conmemoraci\u00f3n a la fecha en que inicia la ense\u00f1anza de la ingenier\u00eda en Argentina. Sin embargo, tal como lo indic\u00f3 la ingeniera<strong> Mar\u00eda Peralta, actual vicedecana (y decana electa) de la Facultad de Ingenier\u00eda de Olavarr\u00eda<\/strong>, podemos hablar de la <em>\u201csemana de la ingenier\u00eda\u201d<\/em> debido a que <em>\u201cen junio tenemos varios festejos. El 6 es el D\u00eda de la Ingenier\u00eda, el 16 del Ingeniero, y el 23 de junio se instaur\u00f3 recientemente el D\u00eda Internacional de la Mujer en Ingenier\u00eda\u201d.<\/em><\/p>\n<p>&nbsp;<\/p>\n<p>En un di\u00e1logo distendido con <strong>Radio Universidad (FM 90.1)<\/strong> realiz\u00f3 un balance del tiempo transcurrido en este contexto de pandemia y aseguro que<em> \u201cnos ha tocado una \u00e9poca tan at\u00edpica, tan rara. Pero creo que nos hemos podido acomodar. Reaccionamos bien a esto de un d\u00eda para el otro tener que mudar de la presencialidad a la virtualidad. Pudimos hacerlo gracias a un trabajo que se ven\u00eda haciendo, <strong>ya ven\u00edamos trabajando con la virtualidad<\/strong>\u201d.<\/em><\/p>\n<p>&nbsp;<\/p>\n<p>Este camino recorrido, le permiti\u00f3 a la facultad adaptarse r\u00e1pidamente, <strong>\u201c<em>sumado a la predisposici\u00f3n de los docentes y los estudiantes\u201d<\/em><\/strong>, resalt\u00f3 la profesional y agreg\u00f3: <em>\u201cTenemos seis especialidades de la ingenier\u00eda en marcha. La parte experimental de nuestras carreras que es muy importante, tambi\u00e9n pudo organizarse y se aprovech\u00f3 el inicio de este a\u00f1o para hacer los laboratorios que quedaron pendientes\u201d.<\/em><\/p>\n<p>&nbsp;<\/p>\n<p><em>\u201cSuperado el shock inicial, nos pusimos a ver c\u00f3mo ar<\/em>m\u00e1bamos todo, incluido el andamiaje normativo y administrativo\u201d, asegur\u00f3. Ahora, el a\u00f1o los encuentra \u201cprogramando los pr\u00f3ximos pasos, esperando para hacer una transici\u00f3n con la presencialidad nuevamente. Esperemos que sea pronto, nosotros ya nos estamos preparando para <strong>tener aulas h\u00edbridas<\/strong>\u201d.<\/p>\n<p>&nbsp;<\/p>\n<p><em>\u201cHoy celebramos el D\u00eda del Ingeniero diciendo que nuestra facultad est\u00e1 abocada a <strong>seguir dando un servicio de calidad.<\/strong> Tratamos de que en este marco at\u00edpico esa calidad se recienta la menos posible, estamos muy atentos a las necesidades de los estudiantes y de los docentes\u201d<\/em>, afirm\u00f3 con orgullo.<\/p>\n<p>&nbsp;<\/p>\n<blockquote class=\"twitter-tweet\" data-width=\"550\" data-dnt=\"true\">\n<p lang=\"es\" dir=\"ltr\">Ya se encuentra disponible la entrevista a Mar\u00eda Peralta, vicedecana de la Facultad de Ingenier\u00eda (<a href=\"https:\/\/twitter.com\/FIO_UNICEN?ref_src=twsrc%5Etfw\">@FIO_UNICEN<\/a>), en el D\u00eda del Ingeniero\/a. <\/p>\n<p>\u00a1Te recomiendo que escuches este episodio de iVoox! Radio Universidad | Maria Peralta | 16-06-2021 <a href=\"https:\/\/t.co\/ywDAiqJDka\">https:\/\/t.co\/ywDAiqJDka<\/a><\/p>\n<p>&mdash; Radio Universidad (@RadioU901) <a href=\"https:\/\/twitter.com\/RadioU901\/status\/1405222600222052359?ref_src=twsrc%5Etfw\">June 16, 2021<\/a><\/p><\/blockquote>\n<p><script async src=\"https:\/\/platform.twitter.com\/widgets.js\" charset=\"utf-8\"><\/script><\/p>\n<p>&nbsp;<\/p>\n<p><strong>Mayor n\u00famero de inscriptos<\/strong><\/p>\n<p>&nbsp;<\/p>\n<p>Uno de los aspectos que destac\u00f3 fue en relaci\u00f3n al incremento en la cantidad de personas inscriptas.<br \/>\n<strong><em>\u201cHemos tenido alrededor de 70 ingresantes en mitad de a\u00f1o en las carreras de grado y estamos teniendo una inscripci\u00f3n superior a lo est\u00e1ndar en las carreras de posgrado\u201d<\/em><\/strong>.<\/p>\n<p>&nbsp;<\/p>\n<p>En ese sentido, reflexion\u00f3 acerca de los desaf\u00edos que gener\u00f3 el contexto actual: <em>\u201cla crisis por un lado nos golpea, pero por el otro si uno la sabe aprovechar, a veces deja tiempo para estudiar. Uno tiene -en la medida de lo posible- que aprovechar momentos as\u00ed para completar o iniciar por ejemplo una formaci\u00f3n de posgrado.<strong> Estamos sorprendidos por la cantidad de inscriptos del pa\u00eds y de afuera<\/strong>\u201d.<\/em><\/p>\n<p>Por otra parte, hizo menci\u00f3n especial a la vocaci\u00f3n de servicio de los profesionales del \u00e1rea.<strong><em> \u201cLa ingenier\u00eda y los ingenieros estamos para resolver los problemas que surjan en la sociedad. Tenemos que estar atentos para ver cu\u00e1les son esos problemas\u201d.<\/em><\/strong><\/p>\n<p>&nbsp;<\/p>\n<p>En ese sentido, mencion\u00f3 la <strong>experiencia del centro de graduados<\/strong> que <em>\u201cse movilizaron y fueron los iniciadores de decir qu\u00e9 podemos hacer para colaborar en este contexto. As\u00ed se inici\u00f3, por ejemplo, el proyecto de respiradores para generar un producto que est\u00e1 aportando a la formaci\u00f3n de los m\u00e9dicos, y por otro lado se sigue el proyecto inicial sorteando algunos obst\u00e1culos porque un instrumental de uso m\u00e9dico tiene que cumplir toda la normativa que requiere el marco legal\u201d.<\/em><\/p>\n<p>&nbsp;<\/p>\n<p>Por \u00faltimo, indic\u00f3 que <em>\u201cla interacci\u00f3n es muy necesaria, es fundamental para llegar con \u00e9xito y mejores resultados. Debemos mejorar la articulaci\u00f3n entre \u00e1reas, carreras, unidades acad\u00e9micas. Est\u00e1n dadas las condiciones, tenemos la fortaleza. Creo que es posible\u201d.<\/em><\/p>\n","protected":false},"excerpt":{"rendered":"<p>En el marco del D\u00eda del Ingeniero y la Ingeniera, la vicedecana de la Facultad de Ingenier\u00eda, Mar\u00eda Peralta, habl\u00f3<\/p>\n","protected":false},"author":5,"featured_media":24189,"comment_status":"closed","ping_status":"closed","sticky":false,"template":"","format":"standard","meta":{"_jetpack_memberships_contains_paid_content":false,"footnotes":""},"categories":[5,1],"tags":[],"class_list":["post-24187","post","type-post","status-publish","format-standard","has-post-thumbnail","hentry","category-informacion-general","category-portada"],"jetpack_featured_media_url":"https:\/\/i0.wp.com\/cdnoticias.com\/wp-content\/uploads\/2021\/06\/maria-peralta.jpg?fit=993%2C417&ssl=1","jetpack_sharing_enabled":true,"_links":{"self":[{"href":"https:\/\/cdnoticias.com\/index.php\/wp-json\/wp\/v2\/posts\/24187","targetHints":{"allow":["GET"]}}],"collection":[{"href":"https:\/\/cdnoticias.com\/index.php\/wp-json\/wp\/v2\/posts"}],"about":[{"href":"https:\/\/cdnoticias.com\/index.php\/wp-json\/wp\/v2\/types\/post"}],"author":[{"embeddable":true,"href":"https:\/\/cdnoticias.com\/index.php\/wp-json\/wp\/v2\/users\/5"}],"replies":[{"embeddable":true,"href":"https:\/\/cdnoticias.com\/index.php\/wp-json\/wp\/v2\/comments?post=24187"}],"version-history":[{"count":0,"href":"https:\/\/cdnoticias.com\/index.php\/wp-json\/wp\/v2\/posts\/24187\/revisions"}],"wp:featuredmedia":[{"embeddable":true,"href":"https:\/\/cdnoticias.com\/index.php\/wp-json\/wp\/v2\/media\/24189"}],"wp:attachment":[{"href":"https:\/\/cdnoticias.com\/index.php\/wp-json\/wp\/v2\/media?parent=24187"}],"wp:term":[{"taxonomy":"category","embeddable":true,"href":"https:\/\/cdnoticias.com\/index.php\/wp-json\/wp\/v2\/categories?post=24187"},{"taxonomy":"post_tag","embeddable":true,"href":"https:\/\/cdnoticias.com\/index.php\/wp-json\/wp\/v2\/tags?post=24187"}],"curies":[{"name":"wp","href":"https:\/\/api.w.org\/{rel}","templated":true}]}}