{"id":2418,"date":"2020-09-25T10:18:11","date_gmt":"2020-09-25T13:18:11","guid":{"rendered":"http:\/\/www.centraldenoticias.com.ar\/?p=2418"},"modified":"2020-09-25T12:17:07","modified_gmt":"2020-09-25T15:17:07","slug":"liliana-schwindt-esto-es-una-mancha-a-la-politica","status":"publish","type":"post","link":"https:\/\/cdnoticias.com\/index.php\/2020\/09\/25\/liliana-schwindt-esto-es-una-mancha-a-la-politica\/","title":{"rendered":"Liliana Schwindt: \u201cEsto es una mancha a la pol\u00edtica\u201d"},"content":{"rendered":"<p>La diputada nacional del Frente de Todos se refiri\u00f3 al repudiable hecho que deriv\u00f3 en la renuncia del diputado nacional Juan Ameri, de Salta. Pidi\u00f3 expulsi\u00f3n y \u201cno lo podemos permitir y mucho menos tolerar\u201d.<!--more--><\/p>\n<hr \/>\n<p>Tras el esc\u00e1ndalo en el Congreso por la actitud del diputado nacional Juan Ameri, que bes\u00f3 en los pechos a una mujer en plena sesi\u00f3n virtual, <strong>la legisladora olavarriense Liliana Schwindt (Frente de Todos) repudi\u00f3 el hecho y dijo que es \u201cuna mancha a la pol\u00edtica\u201d.<\/strong><\/p>\n<p>&nbsp;<\/p>\n<blockquote><p><em>\u201cComo ciudadana, como diputada, no puedo dejar de expresar mi repudio a las im\u00e1genes que son de p\u00fablico conocimiento y que hoy vimos en la sesi\u00f3n virtual de la C\u00e1mara de Diputados de la Naci\u00f3n\u201d<\/em> se\u00f1al\u00f3 en una publicaci\u00f3n en redes sociales.<\/p><\/blockquote>\n<p>&nbsp;<\/p>\n<p>Se\u00f1al\u00f3 la complejidad del contexto que deriv\u00f3 en el tratamiento virtual y el acompa\u00f1amiento del Congreso al momento del pa\u00eds. <strong><em>\u201cMuchos han perdido su trabajo y otros, lamentablemente, perdieron la vida\u201d.<\/em><\/strong><\/p>\n<p>&nbsp;<\/p>\n<p>En este sentido, dijo que la dirigencia pol\u00edtica debe ser la primera<em> \u201cen cumplir las normas. En respeto a toda la sociedad, que viene sufriendo la pandemia, tenemos que ser comprometidos y exigirnos, primero nosotros, el cumplimiento de las reglas\u201d.<\/em><\/p>\n<p>&nbsp;<\/p>\n<p>Catalog\u00f3 el hecho como<strong><em> \u201cuna mancha a la pol\u00edtica\u201d<\/em><\/strong> y tambi\u00e9n<em> \u201cal pa\u00eds\u201d. \u201cNo lo podemos permitir y mucho menos tolerar. Todo el cuerpo de la C\u00e1mara de Diputados tiene la obligaci\u00f3n de repudiar estos actos y que se aplique la sanci\u00f3n en el menor tiempo posible\u201d<\/em>.<\/p>\n<p>&nbsp;<\/p>\n<p>Finalmente, <strong>pidi\u00f3 la expulsi\u00f3n de Ameri, que renunci\u00f3 a su banca en la noche del jueves. \u00a0<\/strong><\/p>\n","protected":false},"excerpt":{"rendered":"<p>La diputada nacional del Frente de Todos se refiri\u00f3 al repudiable hecho que deriv\u00f3 en la renuncia del diputado nacional<\/p>\n","protected":false},"author":2,"featured_media":2419,"comment_status":"closed","ping_status":"closed","sticky":false,"template":"","format":"standard","meta":{"_jetpack_memberships_contains_paid_content":false,"footnotes":""},"categories":[4,1],"tags":[],"class_list":["post-2418","post","type-post","status-publish","format-standard","has-post-thumbnail","hentry","category-politica","category-portada"],"jetpack_featured_media_url":"https:\/\/i0.wp.com\/cdnoticias.com\/wp-content\/uploads\/2020\/09\/Liliana-schwindt.jpg?fit=796%2C505&ssl=1","jetpack_sharing_enabled":true,"_links":{"self":[{"href":"https:\/\/cdnoticias.com\/index.php\/wp-json\/wp\/v2\/posts\/2418","targetHints":{"allow":["GET"]}}],"collection":[{"href":"https:\/\/cdnoticias.com\/index.php\/wp-json\/wp\/v2\/posts"}],"about":[{"href":"https:\/\/cdnoticias.com\/index.php\/wp-json\/wp\/v2\/types\/post"}],"author":[{"embeddable":true,"href":"https:\/\/cdnoticias.com\/index.php\/wp-json\/wp\/v2\/users\/2"}],"replies":[{"embeddable":true,"href":"https:\/\/cdnoticias.com\/index.php\/wp-json\/wp\/v2\/comments?post=2418"}],"version-history":[{"count":0,"href":"https:\/\/cdnoticias.com\/index.php\/wp-json\/wp\/v2\/posts\/2418\/revisions"}],"wp:featuredmedia":[{"embeddable":true,"href":"https:\/\/cdnoticias.com\/index.php\/wp-json\/wp\/v2\/media\/2419"}],"wp:attachment":[{"href":"https:\/\/cdnoticias.com\/index.php\/wp-json\/wp\/v2\/media?parent=2418"}],"wp:term":[{"taxonomy":"category","embeddable":true,"href":"https:\/\/cdnoticias.com\/index.php\/wp-json\/wp\/v2\/categories?post=2418"},{"taxonomy":"post_tag","embeddable":true,"href":"https:\/\/cdnoticias.com\/index.php\/wp-json\/wp\/v2\/tags?post=2418"}],"curies":[{"name":"wp","href":"https:\/\/api.w.org\/{rel}","templated":true}]}}