{"id":2415,"date":"2020-09-25T09:36:59","date_gmt":"2020-09-25T12:36:59","guid":{"rendered":"http:\/\/www.centraldenoticias.com.ar\/?p=2415"},"modified":"2020-09-25T09:36:59","modified_gmt":"2020-09-25T12:36:59","slug":"el-ministro-arroyo-positivo-de-covid-19","status":"publish","type":"post","link":"https:\/\/cdnoticias.com\/index.php\/2020\/09\/25\/el-ministro-arroyo-positivo-de-covid-19\/","title":{"rendered":"El Ministro Arroyo, positivo de COVID-19"},"content":{"rendered":"<p>As\u00ed lo hizo saber en la ma\u00f1ana de este viernes en redes sociales. Indic\u00f3 que tiene s\u00edntomas aunque son \u201cleves\u201d y que se encuentra \u201cbien de \u00e1nimo\u201d. Continuar\u00e1 trabajando de forma remota.<!--more--><\/p>\n<hr \/>\n<p>En la ma\u00f1ana de este viernes,<strong> el ministro de Desarrollo Social de la Naci\u00f3n, Daniel Arroyo, confirm\u00f3 que tras realizarse un hisopado, dio positivo por COVID-19.<\/strong><\/p>\n<p>&nbsp;<\/p>\n<blockquote><p>Se\u00f1al\u00f3 que a contrario de muchos casos, \u201ctengo s\u00edntomas leves\u201d y se encuentra \u201cbien de \u00e1nimo\u201d.<\/p><\/blockquote>\n<p>&nbsp;<\/p>\n<p><em>\u201cVoy a seguir trabajando de forma remota. Es muy importante que sigamos cuid\u00e1ndonos entre todas y todos\u201d<\/em> cerr\u00f3 el funcionario nacional.<\/p>\n<p>&nbsp;<\/p>\n<p><strong>Arroyo se suma al largo listado de dirigentes pol\u00edticos que contrajeron el virus<\/strong>, entre gobernadores (como Gustavo Bordet, de Entre R\u00edos), intendentes (como Mart\u00edn Insaurralde) e incluso la ex gobernadora Mar\u00eda Eugenia Vidal. La gran mayor\u00eda, cabe se\u00f1alar, fueron asintom\u00e1ticos.<\/p>\n","protected":false},"excerpt":{"rendered":"<p>As\u00ed lo hizo saber en la ma\u00f1ana de este viernes en redes sociales. Indic\u00f3 que tiene s\u00edntomas aunque son \u201cleves\u201d<\/p>\n","protected":false},"author":2,"featured_media":2232,"comment_status":"closed","ping_status":"closed","sticky":false,"template":"","format":"standard","meta":{"_jetpack_memberships_contains_paid_content":false,"footnotes":""},"categories":[6,1],"tags":[],"class_list":["post-2415","post","type-post","status-publish","format-standard","has-post-thumbnail","hentry","category-nacionales","category-portada"],"jetpack_featured_media_url":"https:\/\/i0.wp.com\/cdnoticias.com\/wp-content\/uploads\/2020\/09\/Daniel-Arroyo.jpg?fit=2013%2C1342&ssl=1","jetpack_sharing_enabled":true,"_links":{"self":[{"href":"https:\/\/cdnoticias.com\/index.php\/wp-json\/wp\/v2\/posts\/2415","targetHints":{"allow":["GET"]}}],"collection":[{"href":"https:\/\/cdnoticias.com\/index.php\/wp-json\/wp\/v2\/posts"}],"about":[{"href":"https:\/\/cdnoticias.com\/index.php\/wp-json\/wp\/v2\/types\/post"}],"author":[{"embeddable":true,"href":"https:\/\/cdnoticias.com\/index.php\/wp-json\/wp\/v2\/users\/2"}],"replies":[{"embeddable":true,"href":"https:\/\/cdnoticias.com\/index.php\/wp-json\/wp\/v2\/comments?post=2415"}],"version-history":[{"count":0,"href":"https:\/\/cdnoticias.com\/index.php\/wp-json\/wp\/v2\/posts\/2415\/revisions"}],"wp:featuredmedia":[{"embeddable":true,"href":"https:\/\/cdnoticias.com\/index.php\/wp-json\/wp\/v2\/media\/2232"}],"wp:attachment":[{"href":"https:\/\/cdnoticias.com\/index.php\/wp-json\/wp\/v2\/media?parent=2415"}],"wp:term":[{"taxonomy":"category","embeddable":true,"href":"https:\/\/cdnoticias.com\/index.php\/wp-json\/wp\/v2\/categories?post=2415"},{"taxonomy":"post_tag","embeddable":true,"href":"https:\/\/cdnoticias.com\/index.php\/wp-json\/wp\/v2\/tags?post=2415"}],"curies":[{"name":"wp","href":"https:\/\/api.w.org\/{rel}","templated":true}]}}