{"id":24143,"date":"2021-06-16T13:36:18","date_gmt":"2021-06-16T16:36:18","guid":{"rendered":"http:\/\/www.centraldenoticias.com.ar\/?p=24143"},"modified":"2021-06-16T13:36:18","modified_gmt":"2021-06-16T16:36:18","slug":"este-miercoles-se-reune-el-foro-de-las-localidades-del-foro-olavarria","status":"publish","type":"post","link":"https:\/\/cdnoticias.com\/index.php\/2021\/06\/16\/este-miercoles-se-reune-el-foro-de-las-localidades-del-foro-olavarria\/","title":{"rendered":"Este mi\u00e9rcoles se re\u00fane el Foro de las localidades del Foro Olavarr\u00eda"},"content":{"rendered":"<p>Ser\u00e1 realizada este mi\u00e9rcoles por zoom. El concejal del Foro Olavarr\u00eda, Eduardo Rodr\u00edguez, y Gast\u00f3n Sarachu, integrante del equipo, brindaron precisiones.<!--more--><\/p>\n<hr \/>\n<p><strong>Este mi\u00e9rcoles, se realizar\u00e1 una reuni\u00f3n del Foro de las Localidades.<\/strong> La misma se llevar\u00e1 a cabo a trav\u00e9s de la plataforma <strong>Zoom a partir de las 19:30 horas.<\/strong><\/p>\n<p>&nbsp;<\/p>\n<p>El Foro de las Localidades, nucleado en el espacio que conducen el concejal Eduardo Rodr\u00edguez y la concejala In\u00e9s Creimer, se trata de una iniciativa con el<strong> objetivo de atender a las necesidades de las localidades del Partido de Olavarr\u00eda.<\/strong><\/p>\n<p>&nbsp;<\/p>\n<p><em>&#8220;Somos un espacio abierto, con mucho trabajo comunitario y cultural, y con propuestas para el progreso de Olavarr\u00eda y las localidades&#8221;<\/em> exclam\u00f3 el concejal Eduardo Rodr\u00edguez. Adem\u00e1s, sostuvo que <strong><em>\u201csiempre consideramos la importancia de tener esa mirada de apertura, y que la gente que quiera participar y comprometerse pol\u00edticamente tenga la oportunidad de hacerlo\u201d.<\/em><\/strong><\/p>\n<p>&nbsp;<\/p>\n<p>El Foro de las Localidades del Foro Olavarr\u00eda<em> \u201cse trata de un \u00e1mbito integrado por vecinos de las distintas localidades del partido de Olavarr\u00eda con el objetivo de trabajar en propuestas concretas a favor del desarrollo en los pueblos\u201d, <\/em>afirm\u00f3 Gast\u00f3n Sarachu. De esta manera,<em> \u201cel espacio est\u00e1 abierto para aquellas personas que buscan un lugar para canalizar sus proyectos y se sienten representadas con Sergio Massa\u201d<\/em>, concluy\u00f3.<\/p>\n","protected":false},"excerpt":{"rendered":"<p>Ser\u00e1 realizada este mi\u00e9rcoles por zoom. El concejal del Foro Olavarr\u00eda, Eduardo Rodr\u00edguez, y Gast\u00f3n Sarachu, integrante del equipo, brindaron<\/p>\n","protected":false},"author":2,"featured_media":24144,"comment_status":"closed","ping_status":"closed","sticky":false,"template":"","format":"standard","meta":{"_jetpack_memberships_contains_paid_content":false,"footnotes":""},"categories":[4],"tags":[],"class_list":["post-24143","post","type-post","status-publish","format-standard","has-post-thumbnail","hentry","category-politica"],"jetpack_featured_media_url":"https:\/\/i0.wp.com\/cdnoticias.com\/wp-content\/uploads\/2021\/06\/forolocalidales.jpg?fit=6000%2C3313&ssl=1","jetpack_sharing_enabled":true,"_links":{"self":[{"href":"https:\/\/cdnoticias.com\/index.php\/wp-json\/wp\/v2\/posts\/24143","targetHints":{"allow":["GET"]}}],"collection":[{"href":"https:\/\/cdnoticias.com\/index.php\/wp-json\/wp\/v2\/posts"}],"about":[{"href":"https:\/\/cdnoticias.com\/index.php\/wp-json\/wp\/v2\/types\/post"}],"author":[{"embeddable":true,"href":"https:\/\/cdnoticias.com\/index.php\/wp-json\/wp\/v2\/users\/2"}],"replies":[{"embeddable":true,"href":"https:\/\/cdnoticias.com\/index.php\/wp-json\/wp\/v2\/comments?post=24143"}],"version-history":[{"count":0,"href":"https:\/\/cdnoticias.com\/index.php\/wp-json\/wp\/v2\/posts\/24143\/revisions"}],"wp:featuredmedia":[{"embeddable":true,"href":"https:\/\/cdnoticias.com\/index.php\/wp-json\/wp\/v2\/media\/24144"}],"wp:attachment":[{"href":"https:\/\/cdnoticias.com\/index.php\/wp-json\/wp\/v2\/media?parent=24143"}],"wp:term":[{"taxonomy":"category","embeddable":true,"href":"https:\/\/cdnoticias.com\/index.php\/wp-json\/wp\/v2\/categories?post=24143"},{"taxonomy":"post_tag","embeddable":true,"href":"https:\/\/cdnoticias.com\/index.php\/wp-json\/wp\/v2\/tags?post=24143"}],"curies":[{"name":"wp","href":"https:\/\/api.w.org\/{rel}","templated":true}]}}