{"id":24133,"date":"2021-06-16T12:00:52","date_gmt":"2021-06-16T15:00:52","guid":{"rendered":"http:\/\/www.centraldenoticias.com.ar\/?p=24133"},"modified":"2021-06-16T12:00:52","modified_gmt":"2021-06-16T15:00:52","slug":"orgullosamente-trans-y-sindicalista","status":"publish","type":"post","link":"https:\/\/cdnoticias.com\/index.php\/2021\/06\/16\/orgullosamente-trans-y-sindicalista\/","title":{"rendered":"Orgullosamente trans y sindicalista"},"content":{"rendered":"<p><em>Por Lorena Saavedra\u00a0<\/em><!--more--><\/p>\n<hr \/>\n<p><strong>Victoria Altavista (Madame L\u00fa) es una conocida artista y activista olavarriense.<\/strong> Desempe\u00f1\u00f3 tareas en la delegaci\u00f3n de Recalde como empleada municipal durante cinco a\u00f1os.<\/p>\n<p>&nbsp;<\/p>\n<p>Lleg\u00f3 al Sindicato de Trabajadores Municipales de Olavarr\u00eda a trav\u00e9s de la militancia, siendo delegada de su servicio y luego formando parte de la Comisi\u00f3n Directiva desde hace dos a\u00f1os, <strong>convirti\u00e9ndose as\u00ed en la primera mujer trans en ocupar un puesto sindical a nivel distrital, provincial y nacional.<\/strong><\/p>\n<p>&nbsp;<\/p>\n<p>Defendiendo desde all\u00ed los derechos (no solo desde lo gremial) de este colectivo tan vulnerado hist\u00f3ricamente <strong>donde son vedados el acceso a derechos b\u00e1sicos como la igualdad, la no discriminaci\u00f3n, la seguridad social, la salud integral, una mejor calidad de vida, etc. Por eso mismo present\u00f3 un proyecto con la finalidad de crear un espacio disidente dentro de dicho sindicato.<\/strong><\/p>\n<p>&nbsp;<\/p>\n<p><img data-recalc-dims=\"1\" loading=\"lazy\" decoding=\"async\" class=\"alignnone size-large wp-image-24135\" src=\"https:\/\/i0.wp.com\/cdnoticias.com\/wp-content\/uploads\/2021\/06\/WhatsApp-Image-2021-06-16-at-09.34.17-3.jpeg?resize=800%2C553&#038;ssl=1\" alt=\"\" width=\"800\" height=\"553\" srcset=\"https:\/\/i0.wp.com\/cdnoticias.com\/wp-content\/uploads\/2021\/06\/WhatsApp-Image-2021-06-16-at-09.34.17-3.jpeg?resize=1024%2C708&amp;ssl=1 1024w, https:\/\/i0.wp.com\/cdnoticias.com\/wp-content\/uploads\/2021\/06\/WhatsApp-Image-2021-06-16-at-09.34.17-3.jpeg?resize=300%2C207&amp;ssl=1 300w, https:\/\/i0.wp.com\/cdnoticias.com\/wp-content\/uploads\/2021\/06\/WhatsApp-Image-2021-06-16-at-09.34.17-3.jpeg?resize=768%2C531&amp;ssl=1 768w, https:\/\/i0.wp.com\/cdnoticias.com\/wp-content\/uploads\/2021\/06\/WhatsApp-Image-2021-06-16-at-09.34.17-3.jpeg?resize=392%2C272&amp;ssl=1 392w, https:\/\/i0.wp.com\/cdnoticias.com\/wp-content\/uploads\/2021\/06\/WhatsApp-Image-2021-06-16-at-09.34.17-3.jpeg?resize=130%2C90&amp;ssl=1 130w, https:\/\/i0.wp.com\/cdnoticias.com\/wp-content\/uploads\/2021\/06\/WhatsApp-Image-2021-06-16-at-09.34.17-3.jpeg?w=1280&amp;ssl=1 1280w\" sizes=\"auto, (max-width: 800px) 100vw, 800px\" \/><\/p>\n<p>&nbsp;<\/p>\n<p>Hoy en d\u00eda <strong>es la coordinadora del Espacio de Diversidad Sexual y Disidencias del Sindicato de Trabajadores Municipales de Olavarr\u00eda.<\/strong> Desde este lugar se aborda no s\u00f3lo las problem\u00e1ticas de los compa\u00f1erxs municipales, sino tambi\u00e9n de la comunidad en general. Cuenta con un grupo de trabajo, en su totalidad militantes, quienes consideran que<strong> el trabajo en red ayuda a tener grandes resultados y que la lucha debe ser colectiva.<\/strong><\/p>\n<p>&nbsp;<\/p>\n<p>Victoria cuenta con el total respaldo de su Sindicato y de su Secretario General Jos\u00e9 Salvador Stuppia, de quien esta muy agradecida, y a la vez que asegura &#8220;<strong><em>hay que seguir en pie de lucha porque los derechos se conquistan, no se negocian&#8221;.<\/em><\/strong><\/p>\n","protected":false},"excerpt":{"rendered":"<p>Por Lorena Saavedra\u00a0<\/p>\n","protected":false},"author":2,"featured_media":24136,"comment_status":"closed","ping_status":"closed","sticky":false,"template":"","format":"standard","meta":{"_jetpack_memberships_contains_paid_content":false,"footnotes":""},"categories":[3,1],"tags":[],"class_list":["post-24133","post","type-post","status-publish","format-standard","has-post-thumbnail","hentry","category-genero","category-portada"],"jetpack_featured_media_url":"https:\/\/i0.wp.com\/cdnoticias.com\/wp-content\/uploads\/2021\/06\/WhatsApp-Image-2021-06-16-at-09.34.17-2.jpeg?fit=1045%2C960&ssl=1","jetpack_sharing_enabled":true,"_links":{"self":[{"href":"https:\/\/cdnoticias.com\/index.php\/wp-json\/wp\/v2\/posts\/24133","targetHints":{"allow":["GET"]}}],"collection":[{"href":"https:\/\/cdnoticias.com\/index.php\/wp-json\/wp\/v2\/posts"}],"about":[{"href":"https:\/\/cdnoticias.com\/index.php\/wp-json\/wp\/v2\/types\/post"}],"author":[{"embeddable":true,"href":"https:\/\/cdnoticias.com\/index.php\/wp-json\/wp\/v2\/users\/2"}],"replies":[{"embeddable":true,"href":"https:\/\/cdnoticias.com\/index.php\/wp-json\/wp\/v2\/comments?post=24133"}],"version-history":[{"count":0,"href":"https:\/\/cdnoticias.com\/index.php\/wp-json\/wp\/v2\/posts\/24133\/revisions"}],"wp:featuredmedia":[{"embeddable":true,"href":"https:\/\/cdnoticias.com\/index.php\/wp-json\/wp\/v2\/media\/24136"}],"wp:attachment":[{"href":"https:\/\/cdnoticias.com\/index.php\/wp-json\/wp\/v2\/media?parent=24133"}],"wp:term":[{"taxonomy":"category","embeddable":true,"href":"https:\/\/cdnoticias.com\/index.php\/wp-json\/wp\/v2\/categories?post=24133"},{"taxonomy":"post_tag","embeddable":true,"href":"https:\/\/cdnoticias.com\/index.php\/wp-json\/wp\/v2\/tags?post=24133"}],"curies":[{"name":"wp","href":"https:\/\/api.w.org\/{rel}","templated":true}]}}