{"id":2413,"date":"2020-09-25T09:35:45","date_gmt":"2020-09-25T12:35:45","guid":{"rendered":"http:\/\/www.centraldenoticias.com.ar\/?p=2413"},"modified":"2020-09-25T09:35:45","modified_gmt":"2020-09-25T12:35:45","slug":"galli-esta-al-tanto-del-caso-del-camionero-detenido-en-formosa","status":"publish","type":"post","link":"https:\/\/cdnoticias.com\/index.php\/2020\/09\/25\/galli-esta-al-tanto-del-caso-del-camionero-detenido-en-formosa\/","title":{"rendered":"Galli \u201cest\u00e1 al tanto\u201d del caso del camionero detenido en Formosa"},"content":{"rendered":"<p>El jefe comunal respondi\u00f3 a una consulta sobre el tema en redes sociales. \u201cLa pol\u00edtica no puede y no debe interferir\u201d afirm\u00f3.<!--more--><\/p>\n<hr \/>\n<p><strong>El Intendente se refiri\u00f3 al caso del camionero olavarriense que est\u00e1 detenido en la provincia de Formosa<\/strong> desde hace unas dos semanas. Un usuario le plante\u00f3 si estaba \u201cal tanto\u201d de lo sucedido y le pidi\u00f3 intervenci\u00f3n.<\/p>\n<p>Tal como dio a conocer Central de Noticias, <a href=\"https:\/\/cdnoticias.com\/index.php\/2020\/09\/24\/desesperado-pedido-de-una-familia-olavarriense-por-un-camionero-detenido-en-formosa\/\">un transportista de nuestra ciudad, Jorge Daniel Fritz, est\u00e1 detenido<\/a> en dicha provincia por \u201cviolar la cuarentena\u201d y la familia denunci\u00f3 que la polic\u00eda formose\u00f1a le respondi\u00f3 que \u201cest\u00e1 en aislamiento\u201d aunque fue dejado incomunicado dentro de un destacamento policial.<\/p>\n<p>Ezequiel Galli respondi\u00f3 en Twitter que \u201cest\u00e1 al tanto del caso\u201d, aunque rechaz\u00f3 intervenir. \u201c<strong>La pol\u00edtica no puede y no debe interferir ante las decisiones de la Justicia<\/strong>. Por lo menos en un pa\u00eds donde hay independencia de poderes\u201d sostuvo el jefe comunal.<\/p>\n<p><img data-recalc-dims=\"1\" loading=\"lazy\" decoding=\"async\" class=\"aligncenter wp-image-2414\" src=\"https:\/\/i0.wp.com\/cdnoticias.com\/wp-content\/uploads\/2020\/09\/galli-camionero.jpg?resize=500%2C498&#038;ssl=1\" alt=\"\" width=\"500\" height=\"498\" srcset=\"https:\/\/i0.wp.com\/cdnoticias.com\/wp-content\/uploads\/2020\/09\/galli-camionero.jpg?resize=300%2C300&amp;ssl=1 300w, https:\/\/i0.wp.com\/cdnoticias.com\/wp-content\/uploads\/2020\/09\/galli-camionero.jpg?resize=150%2C150&amp;ssl=1 150w, https:\/\/i0.wp.com\/cdnoticias.com\/wp-content\/uploads\/2020\/09\/galli-camionero.jpg?w=534&amp;ssl=1 534w\" sizes=\"auto, (max-width: 500px) 100vw, 500px\" \/><\/p>\n<p>La esposa de Fritz, M\u00f3nica, cont\u00f3 que su marido se baj\u00f3 a hacer un control de las puertas y las lonas del cami\u00f3n y en ese momento fue sorprendido por efectivos policiales. <strong>La familia piensa que este viernes \u201cquedar\u00eda libre este viernes. As\u00ed que lo estamos esperando\u201d<\/strong>.<\/p>\n<p>La mujer explic\u00f3 que decidi\u00f3 hacer p\u00fablico el caso <strong>\u201cpara que no le pase a otros camioneros\u201d<\/strong> y plante\u00f3 la incertidumbre por la que pasan los allegados ante la falta de informaci\u00f3n fehaciente.<\/p>\n","protected":false},"excerpt":{"rendered":"<p>El jefe comunal respondi\u00f3 a una consulta sobre el tema en redes sociales. \u201cLa pol\u00edtica no puede y no debe<\/p>\n","protected":false},"author":4,"featured_media":2202,"comment_status":"closed","ping_status":"closed","sticky":false,"template":"","format":"standard","meta":{"_jetpack_memberships_contains_paid_content":false,"footnotes":""},"categories":[5,1],"tags":[],"class_list":["post-2413","post","type-post","status-publish","format-standard","has-post-thumbnail","hentry","category-informacion-general","category-portada"],"jetpack_featured_media_url":"https:\/\/i0.wp.com\/cdnoticias.com\/wp-content\/uploads\/2020\/09\/Conferencia4.jpeg?fit=1280%2C853&ssl=1","jetpack_sharing_enabled":true,"_links":{"self":[{"href":"https:\/\/cdnoticias.com\/index.php\/wp-json\/wp\/v2\/posts\/2413","targetHints":{"allow":["GET"]}}],"collection":[{"href":"https:\/\/cdnoticias.com\/index.php\/wp-json\/wp\/v2\/posts"}],"about":[{"href":"https:\/\/cdnoticias.com\/index.php\/wp-json\/wp\/v2\/types\/post"}],"author":[{"embeddable":true,"href":"https:\/\/cdnoticias.com\/index.php\/wp-json\/wp\/v2\/users\/4"}],"replies":[{"embeddable":true,"href":"https:\/\/cdnoticias.com\/index.php\/wp-json\/wp\/v2\/comments?post=2413"}],"version-history":[{"count":0,"href":"https:\/\/cdnoticias.com\/index.php\/wp-json\/wp\/v2\/posts\/2413\/revisions"}],"wp:featuredmedia":[{"embeddable":true,"href":"https:\/\/cdnoticias.com\/index.php\/wp-json\/wp\/v2\/media\/2202"}],"wp:attachment":[{"href":"https:\/\/cdnoticias.com\/index.php\/wp-json\/wp\/v2\/media?parent=2413"}],"wp:term":[{"taxonomy":"category","embeddable":true,"href":"https:\/\/cdnoticias.com\/index.php\/wp-json\/wp\/v2\/categories?post=2413"},{"taxonomy":"post_tag","embeddable":true,"href":"https:\/\/cdnoticias.com\/index.php\/wp-json\/wp\/v2\/tags?post=2413"}],"curies":[{"name":"wp","href":"https:\/\/api.w.org\/{rel}","templated":true}]}}