{"id":24095,"date":"2021-06-15T21:25:20","date_gmt":"2021-06-16T00:25:20","guid":{"rendered":"http:\/\/www.centraldenoticias.com.ar\/?p=24095"},"modified":"2021-06-16T09:10:28","modified_gmt":"2021-06-16T12:10:28","slug":"allanamiento-por-abigeatos-se-obtuvo-material-de-suma-importancia-para-la-investigacion","status":"publish","type":"post","link":"https:\/\/cdnoticias.com\/index.php\/2021\/06\/15\/allanamiento-por-abigeatos-se-obtuvo-material-de-suma-importancia-para-la-investigacion\/","title":{"rendered":"Allanamiento por abigeatos: \u201cSe obtuvo material de suma importancia para la investigaci\u00f3n\u201d"},"content":{"rendered":"<p>As\u00ed lo enfatiz\u00f3 el fiscal Lucas Moyano en el marco de los allanamientos en lo que se incautaron m\u00e1s de 20 kilos de carne y un arma.<!--more--><\/p>\n<hr \/>\n<p>En la tarde de este martes un allanamiento encabezado desde la Sub DDI local, con la colaboraci\u00f3n de agentes del Comando de Prevenci\u00f3n Rural y tambi\u00e9n de la subcomisar\u00eda de Loma Negra, permitieron el <a href=\"https:\/\/cdnoticias.com\/index.php\/2021\/06\/15\/secuestraron-22-kilos-de-carne-y-armas-en-un-allanamiento-por-abigeato\/\" target=\"_blank\" rel=\"noopener\">secuestro de numerosos elementos de inter\u00e9s probatorio<\/a> que <strong>ser\u00e1n claves no s\u00f3lo para establecer si efectivamente corresponden a algunos de los abigeatos registrados \u00faltimamente en campos de la ciudad, sino tambi\u00e9n para esclarecer la situaci\u00f3n procesal del titular de un domicilio ubicado sobre avenida Urquiza y Calle 4, precisamente donde se focalizaron las tareas en las \u00faltimas horas<\/strong>.<\/p>\n<p>&nbsp;<\/p>\n<p>Tareas de inteligencia y relevamientos policiales en torno a abigeatos recientes avanzaron sobre ese domicilio, cosechando los elementos que fueron ponderados por el doctor Carlos Villamar\u00edn para conceder la realizaci\u00f3n del allanamiento en el lugar. Seg\u00fan se detall\u00f3 a este portal, <strong>m\u00e1s de 22 kilos de carne vacuna, una carabina calibre 22 y municiones, cuchillas y diversas prendas de vestir y calzados con presuntas manchas de sangre fueron el saldo de las pesquisas en el lugar.<\/strong><\/p>\n<p>&nbsp;<\/p>\n<p><img data-recalc-dims=\"1\" loading=\"lazy\" decoding=\"async\" class=\"alignnone size-full wp-image-24096\" src=\"https:\/\/i0.wp.com\/cdnoticias.com\/wp-content\/uploads\/2021\/06\/allana02.jpg?resize=800%2C445&#038;ssl=1\" alt=\"\" width=\"800\" height=\"445\" srcset=\"https:\/\/i0.wp.com\/cdnoticias.com\/wp-content\/uploads\/2021\/06\/allana02.jpg?w=800&amp;ssl=1 800w, https:\/\/i0.wp.com\/cdnoticias.com\/wp-content\/uploads\/2021\/06\/allana02.jpg?resize=300%2C167&amp;ssl=1 300w, https:\/\/i0.wp.com\/cdnoticias.com\/wp-content\/uploads\/2021\/06\/allana02.jpg?resize=768%2C427&amp;ssl=1 768w\" sizes=\"auto, (max-width: 800px) 100vw, 800px\" \/><\/p>\n<p>&nbsp;<\/p>\n<p>Cada uno de esos elementos fueron recogidos por peritos de la divisi\u00f3n Cient\u00edfica de la polic\u00eda Bonaerense y ser\u00e1n sujetos a diversas medidas de prueba en las pr\u00f3ximas horas, entre las que sobresalen las tareas de cotejo de ADN para establecer si corresponden a los animales faenados en los \u00faltimos d\u00edas. Fue por ello que el <strong>fiscal Lucas Moyano enfatiz\u00f3 que \u201cse obtuvo material de suma importancia para la investigaci\u00f3n\u201d.<\/strong><\/p>\n<p>&nbsp;<\/p>\n<p>Se trata del fiscal titular de la ayudant\u00eda en Delitos Rurales, que tiene como coordinador al doctor Juan Ma\u00f1ero, a quien tambi\u00e9n se lo pudo ver en la escena. <strong>\u201cLamentablemente han ocurrido varios hechos, tenemos nuestras sospechas de que corresponder\u00eda a uno en particular, pero no descartamos otros\u201d, a\u00f1adi\u00f3 Moyano sobre lo incautado<\/strong>.<\/p>\n<p>&nbsp;<\/p>\n<p><img data-recalc-dims=\"1\" loading=\"lazy\" decoding=\"async\" class=\"alignnone size-full wp-image-24105\" src=\"https:\/\/i0.wp.com\/cdnoticias.com\/wp-content\/uploads\/2021\/06\/ddi02.jpg?resize=800%2C445&#038;ssl=1\" alt=\"\" width=\"800\" height=\"445\" srcset=\"https:\/\/i0.wp.com\/cdnoticias.com\/wp-content\/uploads\/2021\/06\/ddi02.jpg?w=800&amp;ssl=1 800w, https:\/\/i0.wp.com\/cdnoticias.com\/wp-content\/uploads\/2021\/06\/ddi02.jpg?resize=300%2C167&amp;ssl=1 300w, https:\/\/i0.wp.com\/cdnoticias.com\/wp-content\/uploads\/2021\/06\/ddi02.jpg?resize=768%2C427&amp;ssl=1 768w\" sizes=\"auto, (max-width: 800px) 100vw, 800px\" \/><\/p>\n<p>&nbsp;<\/p>\n<p>\u201cLo importante es hacer estos operativos para secuestrar esta carne\u201d, enfatiz\u00f3 el funcionario judicial olavarriense, quien apel\u00f3 a la \u201cresponsabilidad solidaria\u201d de la comunidad para que no nutra esta red ilegal de comercializaci\u00f3n al comprar carne por fuera de los canales permitidos. <strong>\u201cPor m\u00e1s que sea econ\u00f3mica, estamos perjudicando a un vecino\u201d<\/strong>, subray\u00f3 a medida que ahondaba tambi\u00e9n en los <strong>\u201criesgos sanitarios\u201d<\/strong> que puede producir consumir cortes que no pasan por los controles legales. Fue por ello tambi\u00e9n que personal de la Direcci\u00f3n de Bromatolog\u00eda Municipal fue parte de las tareas.<\/p>\n<p>&nbsp;<\/p>\n<p>Si de la esfera municipal se da cuenta no se puede omitir el arribo del subsecretario de Seguridad Daniel Borra, quien se acerc\u00f3 al lugar y narr\u00f3 que <strong>\u201cestamos atr\u00e1s de cada hecho, estamos para colaborar con la justicia, con polic\u00eda, con todas las polic\u00edas. Tenemos que ponernos a trabajar todos con todos los medios disponibles\u201d<\/strong>, concluy\u00f3 a medida que daba cuenta de la importancia del laburo conjunto, un estandarte que tambi\u00e9n fue enarbolado por el subcoordinador rural, el comisario Andr\u00e9s Dore. En las tareas, entre otros, tambi\u00e9n pudo verse al titular de la SubDDI local, el subcomisario Fernando Lagano, y al jefe del Comando de Prevenci\u00f3n Rural Olavarr\u00eda, el comisario Jos\u00e9 Am\u00e9zaga.<\/p>\n","protected":false},"excerpt":{"rendered":"<p>As\u00ed lo enfatiz\u00f3 el fiscal Lucas Moyano en el marco de los allanamientos en lo que se incautaron m\u00e1s de<\/p>\n","protected":false},"author":3,"featured_media":24106,"comment_status":"closed","ping_status":"closed","sticky":false,"template":"","format":"standard","meta":{"_jetpack_memberships_contains_paid_content":false,"footnotes":""},"categories":[14,1],"tags":[],"class_list":["post-24095","post","type-post","status-publish","format-standard","has-post-thumbnail","hentry","category-policiales","category-portada"],"jetpack_featured_media_url":"https:\/\/i0.wp.com\/cdnoticias.com\/wp-content\/uploads\/2021\/06\/ddi.jpg?fit=800%2C445&ssl=1","jetpack_sharing_enabled":true,"_links":{"self":[{"href":"https:\/\/cdnoticias.com\/index.php\/wp-json\/wp\/v2\/posts\/24095","targetHints":{"allow":["GET"]}}],"collection":[{"href":"https:\/\/cdnoticias.com\/index.php\/wp-json\/wp\/v2\/posts"}],"about":[{"href":"https:\/\/cdnoticias.com\/index.php\/wp-json\/wp\/v2\/types\/post"}],"author":[{"embeddable":true,"href":"https:\/\/cdnoticias.com\/index.php\/wp-json\/wp\/v2\/users\/3"}],"replies":[{"embeddable":true,"href":"https:\/\/cdnoticias.com\/index.php\/wp-json\/wp\/v2\/comments?post=24095"}],"version-history":[{"count":0,"href":"https:\/\/cdnoticias.com\/index.php\/wp-json\/wp\/v2\/posts\/24095\/revisions"}],"wp:featuredmedia":[{"embeddable":true,"href":"https:\/\/cdnoticias.com\/index.php\/wp-json\/wp\/v2\/media\/24106"}],"wp:attachment":[{"href":"https:\/\/cdnoticias.com\/index.php\/wp-json\/wp\/v2\/media?parent=24095"}],"wp:term":[{"taxonomy":"category","embeddable":true,"href":"https:\/\/cdnoticias.com\/index.php\/wp-json\/wp\/v2\/categories?post=24095"},{"taxonomy":"post_tag","embeddable":true,"href":"https:\/\/cdnoticias.com\/index.php\/wp-json\/wp\/v2\/tags?post=24095"}],"curies":[{"name":"wp","href":"https:\/\/api.w.org\/{rel}","templated":true}]}}