{"id":24085,"date":"2021-06-15T19:54:49","date_gmt":"2021-06-15T22:54:49","guid":{"rendered":"http:\/\/www.centraldenoticias.com.ar\/?p=24085"},"modified":"2021-06-16T09:10:55","modified_gmt":"2021-06-16T12:10:55","slug":"secuestraron-22-kilos-de-carne-y-armas-en-un-allanamiento-por-abigeato","status":"publish","type":"post","link":"https:\/\/cdnoticias.com\/index.php\/2021\/06\/15\/secuestraron-22-kilos-de-carne-y-armas-en-un-allanamiento-por-abigeato\/","title":{"rendered":"Secuestraron 22 kilos de carne y armas en un allanamiento por abigeato"},"content":{"rendered":"<p>El operativo se concret\u00f3 este martes en una propiedad ubicada en avenida Urquiza y Calle 4.<!--more--><\/p>\n<hr \/>\n<p>Un importante operativo policial se concret\u00f3 durante la jornada de este martes a ra\u00edz de la investigaci\u00f3n que se sigue ante <strong>distintos abigeatos ocurridos en establecimientos rurales del Partido de Olavarr\u00eda.<\/strong><\/p>\n<p>&nbsp;<\/p>\n<p>De esta forma, efectivos policiales de la SubDDI junto al fiscal Lucas Moyano, intervinieron en una propiedad ubicada en <strong>avenida Urquiza y Calle 4.<\/strong><\/p>\n<p>&nbsp;<\/p>\n<blockquote><p>Seg\u00fan pudo saber Central de Noticias, en el lugar secuestraron <strong>22 kilos y medio de corte vacuno, una carabina calibre 22 con cargador y municiones, una bolsa con cuchillos, ropa, calzado y una soga con sangre.<\/strong><\/p><\/blockquote>\n<p>&nbsp;<\/p>\n<p><img data-recalc-dims=\"1\" loading=\"lazy\" decoding=\"async\" class=\"alignnone size-full wp-image-24087\" src=\"https:\/\/i0.wp.com\/cdnoticias.com\/wp-content\/uploads\/2021\/06\/WhatsApp-Image-2021-06-15-at-19.07.48-1.jpeg?resize=800%2C503&#038;ssl=1\" alt=\"\" width=\"800\" height=\"503\" srcset=\"https:\/\/i0.wp.com\/cdnoticias.com\/wp-content\/uploads\/2021\/06\/WhatsApp-Image-2021-06-15-at-19.07.48-1.jpeg?w=1280&amp;ssl=1 1280w, https:\/\/i0.wp.com\/cdnoticias.com\/wp-content\/uploads\/2021\/06\/WhatsApp-Image-2021-06-15-at-19.07.48-1.jpeg?resize=300%2C189&amp;ssl=1 300w, https:\/\/i0.wp.com\/cdnoticias.com\/wp-content\/uploads\/2021\/06\/WhatsApp-Image-2021-06-15-at-19.07.48-1.jpeg?resize=768%2C483&amp;ssl=1 768w, https:\/\/i0.wp.com\/cdnoticias.com\/wp-content\/uploads\/2021\/06\/WhatsApp-Image-2021-06-15-at-19.07.48-1.jpeg?resize=1024%2C644&amp;ssl=1 1024w\" sizes=\"auto, (max-width: 800px) 100vw, 800px\" \/><\/p>\n<p>&nbsp;<\/p>\n<p>El fiscal Lucas Moyano, en di\u00e1logo con este medio, destac\u00f3 el trabajo en conjunto realizado por el personal de la SubDDI, la Ayudant\u00eda Fiscal de Delitos Rurales encabezada por el Dr. Ma\u00f1ero, Patrulla Rural, efectivos de la subcomisar\u00eda de Loma Negra y Polic\u00eda Cient\u00edfica.<\/p>\n","protected":false},"excerpt":{"rendered":"<p>El operativo se concret\u00f3 este martes en una propiedad ubicada en avenida Urquiza y Calle 4.<\/p>\n","protected":false},"author":5,"featured_media":24086,"comment_status":"closed","ping_status":"closed","sticky":false,"template":"","format":"standard","meta":{"_jetpack_memberships_contains_paid_content":false,"footnotes":""},"categories":[14],"tags":[],"class_list":["post-24085","post","type-post","status-publish","format-standard","has-post-thumbnail","hentry","category-policiales"],"jetpack_featured_media_url":"https:\/\/i0.wp.com\/cdnoticias.com\/wp-content\/uploads\/2021\/06\/WhatsApp-Image-2021-06-15-at-19.07.49.jpeg?fit=1280%2C802&ssl=1","jetpack_sharing_enabled":true,"_links":{"self":[{"href":"https:\/\/cdnoticias.com\/index.php\/wp-json\/wp\/v2\/posts\/24085","targetHints":{"allow":["GET"]}}],"collection":[{"href":"https:\/\/cdnoticias.com\/index.php\/wp-json\/wp\/v2\/posts"}],"about":[{"href":"https:\/\/cdnoticias.com\/index.php\/wp-json\/wp\/v2\/types\/post"}],"author":[{"embeddable":true,"href":"https:\/\/cdnoticias.com\/index.php\/wp-json\/wp\/v2\/users\/5"}],"replies":[{"embeddable":true,"href":"https:\/\/cdnoticias.com\/index.php\/wp-json\/wp\/v2\/comments?post=24085"}],"version-history":[{"count":0,"href":"https:\/\/cdnoticias.com\/index.php\/wp-json\/wp\/v2\/posts\/24085\/revisions"}],"wp:featuredmedia":[{"embeddable":true,"href":"https:\/\/cdnoticias.com\/index.php\/wp-json\/wp\/v2\/media\/24086"}],"wp:attachment":[{"href":"https:\/\/cdnoticias.com\/index.php\/wp-json\/wp\/v2\/media?parent=24085"}],"wp:term":[{"taxonomy":"category","embeddable":true,"href":"https:\/\/cdnoticias.com\/index.php\/wp-json\/wp\/v2\/categories?post=24085"},{"taxonomy":"post_tag","embeddable":true,"href":"https:\/\/cdnoticias.com\/index.php\/wp-json\/wp\/v2\/tags?post=24085"}],"curies":[{"name":"wp","href":"https:\/\/api.w.org\/{rel}","templated":true}]}}