{"id":24080,"date":"2021-06-15T19:32:24","date_gmt":"2021-06-15T22:32:24","guid":{"rendered":"http:\/\/www.centraldenoticias.com.ar\/?p=24080"},"modified":"2021-06-15T19:55:03","modified_gmt":"2021-06-15T22:55:03","slug":"violento-accidente-uno-de-los-vehiculos-termino-arriba-del-boulevard","status":"publish","type":"post","link":"https:\/\/cdnoticias.com\/index.php\/2021\/06\/15\/violento-accidente-uno-de-los-vehiculos-termino-arriba-del-boulevard\/","title":{"rendered":"Violento accidente: uno de los veh\u00edculos termin\u00f3 arriba del boulevard"},"content":{"rendered":"<p>Ocurri\u00f3 cerca de las 19 en Pueblo Nuevo. Dos autos se vieron involucrados. No hubo que lamentar heridos.<!--more--><\/p>\n<hr \/>\n<p>Durante la tarde de este martes, un fuerte accidente entre un Toyota Corolla y un Ford Focus se registr\u00f3 en <strong>avenida Col\u00f3n y San Lorenzo.<\/strong><\/p>\n<p>&nbsp;<\/p>\n<p>Por motivos que se desconocen, dos autos chocaron de forma violenta, a tal punto que <strong>uno de ellos termin\u00f3 sobre el separador de la avenida.<\/strong><\/p>\n<p>&nbsp;<\/p>\n<p><img data-recalc-dims=\"1\" loading=\"lazy\" decoding=\"async\" class=\"alignnone size-full wp-image-24081\" src=\"https:\/\/i0.wp.com\/cdnoticias.com\/wp-content\/uploads\/2021\/06\/WhatsApp-Image-2021-06-15-at-19.14.47-1.jpeg?resize=800%2C600&#038;ssl=1\" alt=\"\" width=\"800\" height=\"600\" srcset=\"https:\/\/i0.wp.com\/cdnoticias.com\/wp-content\/uploads\/2021\/06\/WhatsApp-Image-2021-06-15-at-19.14.47-1.jpeg?w=1152&amp;ssl=1 1152w, https:\/\/i0.wp.com\/cdnoticias.com\/wp-content\/uploads\/2021\/06\/WhatsApp-Image-2021-06-15-at-19.14.47-1.jpeg?resize=300%2C225&amp;ssl=1 300w, https:\/\/i0.wp.com\/cdnoticias.com\/wp-content\/uploads\/2021\/06\/WhatsApp-Image-2021-06-15-at-19.14.47-1.jpeg?resize=768%2C576&amp;ssl=1 768w, https:\/\/i0.wp.com\/cdnoticias.com\/wp-content\/uploads\/2021\/06\/WhatsApp-Image-2021-06-15-at-19.14.47-1.jpeg?resize=1024%2C768&amp;ssl=1 1024w\" sizes=\"auto, (max-width: 800px) 100vw, 800px\" \/><\/p>\n<p>&nbsp;<\/p>\n<p>El hecho requiri\u00f3 la intervenci\u00f3n de <strong>personal policial para organizar el intenso tr\u00e1nsito del sector.<\/strong> Afortunadamente no hubo que lamentar heridos, por lo que no fue necesaria la participaci\u00f3n del personal de salud.<\/p>\n","protected":false},"excerpt":{"rendered":"<p>Ocurri\u00f3 cerca de las 19 en Pueblo Nuevo. Dos autos se vieron involucrados. No hubo que lamentar heridos.<\/p>\n","protected":false},"author":5,"featured_media":24082,"comment_status":"closed","ping_status":"closed","sticky":false,"template":"","format":"standard","meta":{"_jetpack_memberships_contains_paid_content":false,"footnotes":""},"categories":[14,1],"tags":[],"class_list":["post-24080","post","type-post","status-publish","format-standard","has-post-thumbnail","hentry","category-policiales","category-portada"],"jetpack_featured_media_url":"https:\/\/i0.wp.com\/cdnoticias.com\/wp-content\/uploads\/2021\/06\/WhatsApp-Image-2021-06-15-at-19.15.45-1.jpeg?fit=1152%2C864&ssl=1","jetpack_sharing_enabled":true,"_links":{"self":[{"href":"https:\/\/cdnoticias.com\/index.php\/wp-json\/wp\/v2\/posts\/24080","targetHints":{"allow":["GET"]}}],"collection":[{"href":"https:\/\/cdnoticias.com\/index.php\/wp-json\/wp\/v2\/posts"}],"about":[{"href":"https:\/\/cdnoticias.com\/index.php\/wp-json\/wp\/v2\/types\/post"}],"author":[{"embeddable":true,"href":"https:\/\/cdnoticias.com\/index.php\/wp-json\/wp\/v2\/users\/5"}],"replies":[{"embeddable":true,"href":"https:\/\/cdnoticias.com\/index.php\/wp-json\/wp\/v2\/comments?post=24080"}],"version-history":[{"count":0,"href":"https:\/\/cdnoticias.com\/index.php\/wp-json\/wp\/v2\/posts\/24080\/revisions"}],"wp:featuredmedia":[{"embeddable":true,"href":"https:\/\/cdnoticias.com\/index.php\/wp-json\/wp\/v2\/media\/24082"}],"wp:attachment":[{"href":"https:\/\/cdnoticias.com\/index.php\/wp-json\/wp\/v2\/media?parent=24080"}],"wp:term":[{"taxonomy":"category","embeddable":true,"href":"https:\/\/cdnoticias.com\/index.php\/wp-json\/wp\/v2\/categories?post=24080"},{"taxonomy":"post_tag","embeddable":true,"href":"https:\/\/cdnoticias.com\/index.php\/wp-json\/wp\/v2\/tags?post=24080"}],"curies":[{"name":"wp","href":"https:\/\/api.w.org\/{rel}","templated":true}]}}