{"id":24056,"date":"2021-06-15T17:30:24","date_gmt":"2021-06-15T20:30:24","guid":{"rendered":"http:\/\/www.centraldenoticias.com.ar\/?p=24056"},"modified":"2021-06-15T17:30:24","modified_gmt":"2021-06-15T20:30:24","slug":"mas-de-200-estudiantes-en-el-segundo-ano-virtual-de-sociales-en-accion","status":"publish","type":"post","link":"https:\/\/cdnoticias.com\/index.php\/2021\/06\/15\/mas-de-200-estudiantes-en-el-segundo-ano-virtual-de-sociales-en-accion\/","title":{"rendered":"M\u00e1s de 200 estudiantes en el segundo a\u00f1o virtual de \u201cSociales en Acci\u00f3n\u201d"},"content":{"rendered":"<p align=\"left\">La actividad fue organizada por la Facultad de Ciencias Sociales y participaron de las dos jornadas estudiantes de Olavarr\u00eda y Tandil. El cierre estuvo a cargo de la cantautora Cami Pereyra.<!--more--><\/p>\n<hr \/>\n<p>Con talleres de diversas tem\u00e1ticas y un cierre musical concluy\u00f3 la<strong> XXI Edici\u00f3n de la Jornada de Articulaci\u00f3n Secundario-Universidad \u201cSociales en Acci\u00f3n\u201d<\/strong>, que se dividi\u00f3 en dos jornadas y se concret\u00f3 de manera virtual.<\/p>\n<p>&nbsp;<\/p>\n<p>Fueron m\u00e1s de 200 los y las estudiantes que formaron parte de las distintas actividades vinculadas a las carreras de la Facultad de Ciencias Sociales. Se inscribieron en esta oportunidad estudiantes de los \u00faltimos dos a\u00f1os del Nivel Secundario de <strong>18 escuelas del Partido de Olavarr\u00eda, entre ellas de Espigas, y de la localidad de Tandil.<\/strong><\/p>\n<p>&nbsp;<\/p>\n<p>Al igual de lo sucedido en el a\u00f1o 2020, en la actual edici\u00f3n de Sociales en Acci\u00f3n<strong> la totalidad de las propuestas se concretaron de manera virtual.<\/strong> En muchos de los casos las y los estudiantes siguieron las actividades desde sus hogares, pero adem\u00e1s algunos\/as docentes de c\u00e1tedras de colegios secundarios coordinaron la conexi\u00f3n a los talleres desde las propias aulas.<\/p>\n<p>&nbsp;<\/p>\n<p><img data-recalc-dims=\"1\" loading=\"lazy\" decoding=\"async\" class=\"alignnone size-full wp-image-24058\" src=\"https:\/\/i0.wp.com\/cdnoticias.com\/wp-content\/uploads\/2021\/06\/accioint.jpeg?resize=800%2C473&#038;ssl=1\" alt=\"\" width=\"800\" height=\"473\" srcset=\"https:\/\/i0.wp.com\/cdnoticias.com\/wp-content\/uploads\/2021\/06\/accioint.jpeg?w=1291&amp;ssl=1 1291w, https:\/\/i0.wp.com\/cdnoticias.com\/wp-content\/uploads\/2021\/06\/accioint.jpeg?resize=300%2C177&amp;ssl=1 300w, https:\/\/i0.wp.com\/cdnoticias.com\/wp-content\/uploads\/2021\/06\/accioint.jpeg?resize=768%2C454&amp;ssl=1 768w, https:\/\/i0.wp.com\/cdnoticias.com\/wp-content\/uploads\/2021\/06\/accioint.jpeg?resize=1024%2C605&amp;ssl=1 1024w\" sizes=\"auto, (max-width: 800px) 100vw, 800px\" \/><\/p>\n<p>&nbsp;<\/p>\n<p>En esta oportunidad se realizaron dos jornadas, una el martes 8 de junio y la restante el lunes 14, donde los y las estudiantes tuvieron la posibilidad de participar de 24 talleres que estuvieron referidos a los siguientes ejes tem\u00e1ticos: <strong>Comunicaci\u00f3n, Periodismo, Antropolog\u00eda, Arqueolog\u00eda, Educaci\u00f3n, Producci\u00f3n Medi\u00e1tica, Perspectiva de G\u00e9nero y Educaci\u00f3n Sexual Integral.<\/strong><\/p>\n<p>&nbsp;<\/p>\n<p><strong>El cierre de las jornadas estuvo a cargo de la cantautora olavarriense Cami Pereyra<\/strong>, quien ofreci\u00f3 un show a trav\u00e9s de la cuenta de Instagram de Sociales en Acci\u00f3n, y que se encuentra disponible aqu\u00ed.<\/p>\n<p>&nbsp;<\/p>\n<p>Sociales en Acci\u00f3n es organizado por la Secretar\u00eda de Extensi\u00f3n, Bienestar y Transferencia de la FACSO y desde hace m\u00e1s de 20 a\u00f1os lleva adelante acciones de articulaci\u00f3n entre los niveles secundario y universitario, por lo que se ha convertido en un espacio propicio para acompa\u00f1ar a los y las estudiantes en el proceso de elecci\u00f3n de una carrera universitaria, acerc\u00e1ndolos\/as a las problem\u00e1ticas de las Ciencias Sociales.<\/p>\n","protected":false},"excerpt":{"rendered":"<p>La actividad fue organizada por la Facultad de Ciencias Sociales y participaron de las dos jornadas estudiantes de Olavarr\u00eda y<\/p>\n","protected":false},"author":5,"featured_media":24057,"comment_status":"closed","ping_status":"closed","sticky":false,"template":"","format":"standard","meta":{"_jetpack_memberships_contains_paid_content":false,"footnotes":""},"categories":[5,1],"tags":[],"class_list":["post-24056","post","type-post","status-publish","format-standard","has-post-thumbnail","hentry","category-informacion-general","category-portada"],"jetpack_featured_media_url":"https:\/\/i0.wp.com\/cdnoticias.com\/wp-content\/uploads\/2021\/06\/accioint2.jpeg?fit=1280%2C719&ssl=1","jetpack_sharing_enabled":true,"_links":{"self":[{"href":"https:\/\/cdnoticias.com\/index.php\/wp-json\/wp\/v2\/posts\/24056","targetHints":{"allow":["GET"]}}],"collection":[{"href":"https:\/\/cdnoticias.com\/index.php\/wp-json\/wp\/v2\/posts"}],"about":[{"href":"https:\/\/cdnoticias.com\/index.php\/wp-json\/wp\/v2\/types\/post"}],"author":[{"embeddable":true,"href":"https:\/\/cdnoticias.com\/index.php\/wp-json\/wp\/v2\/users\/5"}],"replies":[{"embeddable":true,"href":"https:\/\/cdnoticias.com\/index.php\/wp-json\/wp\/v2\/comments?post=24056"}],"version-history":[{"count":0,"href":"https:\/\/cdnoticias.com\/index.php\/wp-json\/wp\/v2\/posts\/24056\/revisions"}],"wp:featuredmedia":[{"embeddable":true,"href":"https:\/\/cdnoticias.com\/index.php\/wp-json\/wp\/v2\/media\/24057"}],"wp:attachment":[{"href":"https:\/\/cdnoticias.com\/index.php\/wp-json\/wp\/v2\/media?parent=24056"}],"wp:term":[{"taxonomy":"category","embeddable":true,"href":"https:\/\/cdnoticias.com\/index.php\/wp-json\/wp\/v2\/categories?post=24056"},{"taxonomy":"post_tag","embeddable":true,"href":"https:\/\/cdnoticias.com\/index.php\/wp-json\/wp\/v2\/tags?post=24056"}],"curies":[{"name":"wp","href":"https:\/\/api.w.org\/{rel}","templated":true}]}}