{"id":24026,"date":"2021-06-15T12:26:57","date_gmt":"2021-06-15T15:26:57","guid":{"rendered":"http:\/\/www.centraldenoticias.com.ar\/?p=24026"},"modified":"2021-06-15T16:37:37","modified_gmt":"2021-06-15T19:37:37","slug":"olavarria-sigue-en-fase-4-donde-son-solo-cinco-los-municipios","status":"publish","type":"post","link":"https:\/\/cdnoticias.com\/index.php\/2021\/06\/15\/olavarria-sigue-en-fase-4-donde-son-solo-cinco-los-municipios\/","title":{"rendered":"Olavarr\u00eda sigue en fase 4 donde est\u00e1n s\u00f3lo cinco municipios"},"content":{"rendered":"<p>En el mapa de fases hay 70 municipios en fase 2 y 60 en fase 3. El jefe de Gabinete, Carlos Bianco, inform\u00f3 la actualizaci\u00f3n del cierre de la semana epidemiol\u00f3gica 23. Se espera llegar este martes a los 5 millones de bonaerenses vacunados.<!--more--><\/p>\n<hr \/>\n<p><strong>Un total de 70 municipios del interior se encuentran ahora en fase 2<\/strong>, la de m\u00e1s restricciones; mientras que<strong> 60 permanecen en fase 3<\/strong> \u2013entre ellos los 40 del AMBA\u2013 y <strong>cinco est\u00e1n en la fase 4 de mayores aperturas<\/strong>, seg\u00fan inform\u00f3 esta ma\u00f1ana en conferencia de prensa el jefe de Gabinete, Carlos Bianco.<\/p>\n<p>&nbsp;<\/p>\n<p><strong>El mapa muestra notables mejoras respecto de la semana anterior<\/strong> cuando eran 114 los distritos en fase de alarma epidemiol\u00f3gica (fase 2) y 17 en alto riesgo (fase 3).\u00a0<strong>Entre los cinco municipios que est\u00e1n en fase 4 se cuenta Olavarr\u00eda<\/strong> que se mantiene all\u00ed desde hace diez d\u00edas.<\/p>\n<p><img data-recalc-dims=\"1\" loading=\"lazy\" decoding=\"async\" class=\"size-full wp-image-24034 aligncenter\" src=\"https:\/\/i0.wp.com\/cdnoticias.com\/wp-content\/uploads\/2021\/06\/conferencia-mapa-de-fases-00.jpg?resize=800%2C446&#038;ssl=1\" alt=\"\" width=\"800\" height=\"446\" srcset=\"https:\/\/i0.wp.com\/cdnoticias.com\/wp-content\/uploads\/2021\/06\/conferencia-mapa-de-fases-00.jpg?w=808&amp;ssl=1 808w, https:\/\/i0.wp.com\/cdnoticias.com\/wp-content\/uploads\/2021\/06\/conferencia-mapa-de-fases-00.jpg?resize=300%2C167&amp;ssl=1 300w, https:\/\/i0.wp.com\/cdnoticias.com\/wp-content\/uploads\/2021\/06\/conferencia-mapa-de-fases-00.jpg?resize=768%2C428&amp;ssl=1 768w, https:\/\/i0.wp.com\/cdnoticias.com\/wp-content\/uploads\/2021\/06\/conferencia-mapa-de-fases-00.jpg?resize=800%2C445&amp;ssl=1 800w\" sizes=\"auto, (max-width: 800px) 100vw, 800px\" \/><\/p>\n<p>El funcionario explic\u00f3 que el nuevo mapa \u2013que tuvo cambios poco significativos\u2013 se desprende de la<strong> semana epidemiol\u00f3gica 23<\/strong>, que cerr\u00f3 el pasado domingo.<\/p>\n<p>&nbsp;<\/p>\n<p>Bianco precis\u00f3 que \u201c<strong>Carmen de Areco, Guamin\u00ed y Salto<\/strong> pasaron de fase 2 a fase 3, lo que implica que a partir de la semana pr\u00f3xima en esos tres distritos vuelve la presencialidad, mientras que <strong>Benito Ju\u00e1rez pas\u00f3<\/strong> de fase 3 a fase 4. Esos son los cambios entre la resoluci\u00f3n del d\u00eda domingo y la que vamos a presentar hoy\u201d.<\/p>\n<p><img data-recalc-dims=\"1\" loading=\"lazy\" decoding=\"async\" class=\"size-full wp-image-24030 aligncenter\" src=\"https:\/\/i0.wp.com\/cdnoticias.com\/wp-content\/uploads\/2021\/06\/conferencia-casos00.jpg?resize=800%2C445&#038;ssl=1\" alt=\"\" width=\"800\" height=\"445\" srcset=\"https:\/\/i0.wp.com\/cdnoticias.com\/wp-content\/uploads\/2021\/06\/conferencia-casos00.jpg?w=800&amp;ssl=1 800w, https:\/\/i0.wp.com\/cdnoticias.com\/wp-content\/uploads\/2021\/06\/conferencia-casos00.jpg?resize=300%2C167&amp;ssl=1 300w, https:\/\/i0.wp.com\/cdnoticias.com\/wp-content\/uploads\/2021\/06\/conferencia-casos00.jpg?resize=768%2C427&amp;ssl=1 768w\" sizes=\"auto, (max-width: 800px) 100vw, 800px\" \/><\/p>\n<p>El jefe de Gabinete volvi\u00f3 a responderle a los <a href=\"https:\/\/cdnoticias.com\/index.php\/2021\/06\/13\/juntos-por-el-cambio-pidio-al-gobernador-el-regreso-a-la-presencialidad-en-toda-la-provincia\/\" target=\"_blank\" rel=\"noopener\">intendentes del interior que reclamaron por el regreso a las aulas<\/a> en sus distritos en fase 2: \u201cLa respuesta es muy f\u00e1cil y muy sencilla, la incidencia de casos es mayor de 500 por cada 100 mil habitantes, en los \u00faltimos 14 d\u00edas. No discriminamos a nadie, lo explicamos muchas veces y sigue funcionando de la misma manera\u201d, dijo.<\/p>\n<p>&nbsp;<\/p>\n<blockquote><p>En el cierre de la semana epidemiol\u00f3gica 23, la incidencia de casos en el interior provincial es de 696 casos por cada 100 mil habitantes, mientras que en el AMBA es del 432 casos por cada 100 mil habitantes.<\/p><\/blockquote>\n<p>&nbsp;<\/p>\n<p><img data-recalc-dims=\"1\" loading=\"lazy\" decoding=\"async\" class=\"size-full wp-image-24028 aligncenter\" src=\"https:\/\/i0.wp.com\/cdnoticias.com\/wp-content\/uploads\/2021\/06\/conferencia-bianco.jpg?resize=800%2C445&#038;ssl=1\" alt=\"\" width=\"800\" height=\"445\" srcset=\"https:\/\/i0.wp.com\/cdnoticias.com\/wp-content\/uploads\/2021\/06\/conferencia-bianco.jpg?w=800&amp;ssl=1 800w, https:\/\/i0.wp.com\/cdnoticias.com\/wp-content\/uploads\/2021\/06\/conferencia-bianco.jpg?resize=300%2C167&amp;ssl=1 300w, https:\/\/i0.wp.com\/cdnoticias.com\/wp-content\/uploads\/2021\/06\/conferencia-bianco.jpg?resize=768%2C427&amp;ssl=1 768w\" sizes=\"auto, (max-width: 800px) 100vw, 800px\" \/><\/p>\n<p>&nbsp;<\/p>\n<p><strong>Situaci\u00f3n sanitaria<\/strong><\/p>\n<p>&nbsp;<\/p>\n<p>La <strong>subsecretaria de Gesti\u00f3n de la informaci\u00f3n del ministerio de Salud bonaerense, Leticia Ceriani<\/strong>, estuvo junto a Bianco en la <a href=\"https:\/\/cdnoticias.com\/index.php\/2021\/06\/15\/el-ten-sanitario-lleva-realizados-500-hisopados\/\" target=\"_blank\" rel=\"noopener\">conferencia para exponer sobre los indicadores sanitarios<\/a>.<\/p>\n<p>&nbsp;<\/p>\n<p><strong>Resalt\u00f3 que la tasa de incidencia general de la provincia de las \u00faltimas dos semanas fue de 492 casos cada 100.000 habitantes<\/strong>, mientras que en la zona AMBA ascendi\u00f3 a 432 casos y a <strong>696 en la zona interior<\/strong>. \u201cNos muestra que tanto el AMBA como la provincia est\u00e1 por debajo de los 500 casos\u201d se\u00f1al\u00f3 Ceriani quien apunt\u00f3 a que sigue en baja.<\/p>\n<p>&nbsp;<\/p>\n<p><img data-recalc-dims=\"1\" loading=\"lazy\" decoding=\"async\" class=\"size-full wp-image-24033 aligncenter\" src=\"https:\/\/i0.wp.com\/cdnoticias.com\/wp-content\/uploads\/2021\/06\/conferencia-casos.jpg?resize=800%2C444&#038;ssl=1\" alt=\"\" width=\"800\" height=\"444\" srcset=\"https:\/\/i0.wp.com\/cdnoticias.com\/wp-content\/uploads\/2021\/06\/conferencia-casos.jpg?w=800&amp;ssl=1 800w, https:\/\/i0.wp.com\/cdnoticias.com\/wp-content\/uploads\/2021\/06\/conferencia-casos.jpg?resize=300%2C167&amp;ssl=1 300w, https:\/\/i0.wp.com\/cdnoticias.com\/wp-content\/uploads\/2021\/06\/conferencia-casos.jpg?resize=768%2C426&amp;ssl=1 768w\" sizes=\"auto, (max-width: 800px) 100vw, 800px\" \/><\/p>\n<p><a href=\"https:\/\/cdnoticias.com\/index.php\/2021\/06\/14\/provincia-los-contagios-cayeron-un-30-en-las-ultimas-tres-semanas\/\" target=\"_blank\" rel=\"noopener\">Tal como se hab\u00eda adelantado<\/a>, \u201cen las \u00faltimas semanas de mayo y junio se observa una <strong>disminuci\u00f3n del 30% en el promedio diario semanal de casos<\/strong>\u201d.<\/p>\n<p>&nbsp;<\/p>\n<p>En cuanto a la <strong>ocupaci\u00f3n de camas de terapia intensiva<\/strong>, en la zona AMBA baj\u00f3 a 70,8% (1507 pacientes Covid internados) tras haber llegado al pico de 85%, mientras que en la zona interior se ubica en 61,8% (551 pacientes internados con Covid).<\/p>\n<p>&nbsp;<\/p>\n<p><img data-recalc-dims=\"1\" loading=\"lazy\" decoding=\"async\" class=\"size-full wp-image-24035 aligncenter\" src=\"https:\/\/i0.wp.com\/cdnoticias.com\/wp-content\/uploads\/2021\/06\/conferencia-ocupacion-uti.jpg?resize=800%2C444&#038;ssl=1\" alt=\"\" width=\"800\" height=\"444\" srcset=\"https:\/\/i0.wp.com\/cdnoticias.com\/wp-content\/uploads\/2021\/06\/conferencia-ocupacion-uti.jpg?w=800&amp;ssl=1 800w, https:\/\/i0.wp.com\/cdnoticias.com\/wp-content\/uploads\/2021\/06\/conferencia-ocupacion-uti.jpg?resize=300%2C167&amp;ssl=1 300w, https:\/\/i0.wp.com\/cdnoticias.com\/wp-content\/uploads\/2021\/06\/conferencia-ocupacion-uti.jpg?resize=768%2C426&amp;ssl=1 768w\" sizes=\"auto, (max-width: 800px) 100vw, 800px\" \/><\/p>\n<p>\u201cEste indicador da cuenta de que los casos vienen bajando\u201d explic\u00f3 la funcionaria y tuvo en cuenta que \u201ctarda en observarse\u201d la tendencia. Asimismo, aclar\u00f3 que <strong>\u201csi bien viene bajando, la ocupaci\u00f3n de camas todav\u00eda es alta y que hay que monitorear constantemente\u201d.<\/strong><\/p>\n<p>&nbsp;<\/p>\n<p><strong>Vacunaci\u00f3n<\/strong><\/p>\n<p>&nbsp;<\/p>\n<p>Por \u00faltimo, Ceriani se refiri\u00f3 al avance de la vacunaci\u00f3n contra el Covid: <strong>hay 6 millones de dosis aplicadas y m\u00e1s de 9 millones de personas registradas<\/strong> para vacunarse.<\/p>\n<p>&nbsp;<\/p>\n<p><img data-recalc-dims=\"1\" loading=\"lazy\" decoding=\"async\" class=\"size-full wp-image-24036 aligncenter\" src=\"https:\/\/i0.wp.com\/cdnoticias.com\/wp-content\/uploads\/2021\/06\/conferencia-vacunas-02.jpg?resize=800%2C444&#038;ssl=1\" alt=\"\" width=\"800\" height=\"444\" srcset=\"https:\/\/i0.wp.com\/cdnoticias.com\/wp-content\/uploads\/2021\/06\/conferencia-vacunas-02.jpg?w=800&amp;ssl=1 800w, https:\/\/i0.wp.com\/cdnoticias.com\/wp-content\/uploads\/2021\/06\/conferencia-vacunas-02.jpg?resize=300%2C167&amp;ssl=1 300w, https:\/\/i0.wp.com\/cdnoticias.com\/wp-content\/uploads\/2021\/06\/conferencia-vacunas-02.jpg?resize=768%2C426&amp;ssl=1 768w\" sizes=\"auto, (max-width: 800px) 100vw, 800px\" \/><\/p>\n<p>&nbsp;<\/p>\n<blockquote><p>En cuanto a las aplicaciones indic\u00f3 que hay 4.960.083 personas que ya recibieron la primera dosis. \u201cEsto quiere decir que muy probablemente hoy vamos a llegar a los 5 millones de dosis aplicadas\u201d adelant\u00f3 la subsecretaria.<\/p><\/blockquote>\n<p>&nbsp;<\/p>\n<p>En tanto, 1.158.005 personas han completado los esquemas.<\/p>\n<p>&nbsp;<\/p>\n<p><img data-recalc-dims=\"1\" loading=\"lazy\" decoding=\"async\" class=\"size-full wp-image-24037 aligncenter\" src=\"https:\/\/i0.wp.com\/cdnoticias.com\/wp-content\/uploads\/2021\/06\/conferencia-vacunas-01.jpg?resize=800%2C444&#038;ssl=1\" alt=\"\" width=\"800\" height=\"444\" srcset=\"https:\/\/i0.wp.com\/cdnoticias.com\/wp-content\/uploads\/2021\/06\/conferencia-vacunas-01.jpg?w=800&amp;ssl=1 800w, https:\/\/i0.wp.com\/cdnoticias.com\/wp-content\/uploads\/2021\/06\/conferencia-vacunas-01.jpg?resize=300%2C167&amp;ssl=1 300w, https:\/\/i0.wp.com\/cdnoticias.com\/wp-content\/uploads\/2021\/06\/conferencia-vacunas-01.jpg?resize=768%2C426&amp;ssl=1 768w\" sizes=\"auto, (max-width: 800px) 100vw, 800px\" \/><\/p>\n<p>&nbsp;<\/p>\n<p>Ya se han otorgado <strong>700 mil turnos de vacunaci\u00f3n para los pr\u00f3ximos d\u00edas<\/strong> y con el arribo de nuevas dosis de Astraz\u00e9neca se estim\u00f3 que unas 350 mil dosis corresponder\u00e1n a la provincia de Buenos Aires con lo que se asignar\u00e1n m\u00e1s turnos.<\/p>\n<p>&nbsp;<\/p>\n<p><strong>\u201cHemos finalizado el hito 1 de vecunaci\u00f3n, superamos 95% de cobertura con personal de salud, mayores de 70 a\u00f1os y personas de 60 a 69 con comorbilidades\u201d<\/strong> inform\u00f3 Ceriani al tiempo que present\u00f3 los avances con los hitos 2 y 3.<\/p>\n<p>&nbsp;<\/p>\n<p><img data-recalc-dims=\"1\" loading=\"lazy\" decoding=\"async\" class=\"size-full wp-image-24038 aligncenter\" src=\"https:\/\/i0.wp.com\/cdnoticias.com\/wp-content\/uploads\/2021\/06\/conferencia-bianco-ceriani.jpg?resize=734%2C408&#038;ssl=1\" alt=\"\" width=\"734\" height=\"408\" srcset=\"https:\/\/i0.wp.com\/cdnoticias.com\/wp-content\/uploads\/2021\/06\/conferencia-bianco-ceriani.jpg?w=734&amp;ssl=1 734w, https:\/\/i0.wp.com\/cdnoticias.com\/wp-content\/uploads\/2021\/06\/conferencia-bianco-ceriani.jpg?resize=300%2C167&amp;ssl=1 300w\" sizes=\"auto, (max-width: 734px) 100vw, 734px\" \/><\/p>\n<p>&nbsp;<\/p>\n<p>&nbsp;<\/p>\n<blockquote><p>Por \u00faltimo se refiri\u00f3 a la \u201cvacunaci\u00f3n libre\u201d para mayores de 60 a\u00f1os que ya lleva 8.427 dosis aplicadas en la provincia.<\/p><\/blockquote>\n<p>&nbsp;<\/p>\n<p>Aclar\u00f3 que se cuentan las personas que se acercaron a los vacunatorios de la provincia desde el s\u00e1bado 5 de junio que <a href=\"https:\/\/cdnoticias.com\/index.php\/2021\/06\/04\/covid-vacuna-libre-en-la-provincia-para-los-mayores-de-70-anos\/\" target=\"_blank\" rel=\"noopener\">Axel Kicillof hizo el anuncio para los mayores de 70<\/a> hasta la noche del lunes. <strong>\u201cHay 8.400 personas vacunadas que se acercaron sin haberse registrado previamente\u201d<\/strong> cerr\u00f3 la subsecretaria.<\/p>\n","protected":false},"excerpt":{"rendered":"<p>En el mapa de fases hay 70 municipios en fase 2 y 60 en fase 3. El jefe de Gabinete,<\/p>\n","protected":false},"author":4,"featured_media":24027,"comment_status":"closed","ping_status":"closed","sticky":false,"template":"","format":"standard","meta":{"_jetpack_memberships_contains_paid_content":false,"footnotes":""},"categories":[16,1],"tags":[],"class_list":["post-24026","post","type-post","status-publish","format-standard","has-post-thumbnail","hentry","category-covid-19","category-portada"],"jetpack_featured_media_url":"https:\/\/i0.wp.com\/cdnoticias.com\/wp-content\/uploads\/2021\/06\/conferencia-mapa-de-fases.jpg?fit=800%2C446&ssl=1","jetpack_sharing_enabled":true,"_links":{"self":[{"href":"https:\/\/cdnoticias.com\/index.php\/wp-json\/wp\/v2\/posts\/24026","targetHints":{"allow":["GET"]}}],"collection":[{"href":"https:\/\/cdnoticias.com\/index.php\/wp-json\/wp\/v2\/posts"}],"about":[{"href":"https:\/\/cdnoticias.com\/index.php\/wp-json\/wp\/v2\/types\/post"}],"author":[{"embeddable":true,"href":"https:\/\/cdnoticias.com\/index.php\/wp-json\/wp\/v2\/users\/4"}],"replies":[{"embeddable":true,"href":"https:\/\/cdnoticias.com\/index.php\/wp-json\/wp\/v2\/comments?post=24026"}],"version-history":[{"count":0,"href":"https:\/\/cdnoticias.com\/index.php\/wp-json\/wp\/v2\/posts\/24026\/revisions"}],"wp:featuredmedia":[{"embeddable":true,"href":"https:\/\/cdnoticias.com\/index.php\/wp-json\/wp\/v2\/media\/24027"}],"wp:attachment":[{"href":"https:\/\/cdnoticias.com\/index.php\/wp-json\/wp\/v2\/media?parent=24026"}],"wp:term":[{"taxonomy":"category","embeddable":true,"href":"https:\/\/cdnoticias.com\/index.php\/wp-json\/wp\/v2\/categories?post=24026"},{"taxonomy":"post_tag","embeddable":true,"href":"https:\/\/cdnoticias.com\/index.php\/wp-json\/wp\/v2\/tags?post=24026"}],"curies":[{"name":"wp","href":"https:\/\/api.w.org\/{rel}","templated":true}]}}