{"id":24018,"date":"2021-06-15T10:52:52","date_gmt":"2021-06-15T13:52:52","guid":{"rendered":"http:\/\/www.centraldenoticias.com.ar\/?p=24018"},"modified":"2021-06-15T12:27:34","modified_gmt":"2021-06-15T15:27:34","slug":"el-ten-sanitario-lleva-realizados-500-hisopados","status":"publish","type":"post","link":"https:\/\/cdnoticias.com\/index.php\/2021\/06\/15\/el-ten-sanitario-lleva-realizados-500-hisopados\/","title":{"rendered":"El Tren Sanitario lleva realizados 500 hisopados"},"content":{"rendered":"<p>Lo inform\u00f3 la subsecretaria de Gesti\u00f3n de la informaci\u00f3n del ministerio de Salud bonaerense, Leticia Ceriani. Dio detalles de los servicios prestados desde el 28 de mayo.<!--more--><\/p>\n<hr \/>\n<p><strong>\u201cEl Tren Sanitario est\u00e1 actualmente en Olavarr\u00eda\u201d<\/strong> inform\u00f3 la <strong>subsecretaria de Gesti\u00f3n de la informaci\u00f3n del ministerio de Salud bonaerense, Leticia Ceriani<\/strong>, este martes en la <a href=\"https:\/\/cdnoticias.com\/index.php\/2021\/06\/15\/olavarria-sigue-en-fase-4-donde-son-solo-cinco-los-municipios\/\" target=\"_blank\" rel=\"noopener\">conferencia sobre la situaci\u00f3n epidemiol\u00f3gica provincial por la pandemia<\/a>.<\/p>\n<p>&nbsp;<\/p>\n<p>La funcionaria, quien reemplaz\u00f3 al ministro de Salud Daniel Goll\u00e1n en la habitual exposici\u00f3n semanal, adelant\u00f3 que<strong> la pr\u00f3xima parada del tren ser\u00e1 General La Madrid<\/strong> desde este mi\u00e9rcoles.<\/p>\n<p><img data-recalc-dims=\"1\" loading=\"lazy\" decoding=\"async\" class=\"size-full wp-image-24019 aligncenter\" src=\"https:\/\/i0.wp.com\/cdnoticias.com\/wp-content\/uploads\/2021\/06\/conferencia-ceriani.jpg?resize=800%2C445&#038;ssl=1\" alt=\"\" width=\"800\" height=\"445\" srcset=\"https:\/\/i0.wp.com\/cdnoticias.com\/wp-content\/uploads\/2021\/06\/conferencia-ceriani.jpg?w=800&amp;ssl=1 800w, https:\/\/i0.wp.com\/cdnoticias.com\/wp-content\/uploads\/2021\/06\/conferencia-ceriani.jpg?resize=300%2C167&amp;ssl=1 300w, https:\/\/i0.wp.com\/cdnoticias.com\/wp-content\/uploads\/2021\/06\/conferencia-ceriani.jpg?resize=768%2C427&amp;ssl=1 768w\" sizes=\"auto, (max-width: 800px) 100vw, 800px\" \/><\/p>\n<p>&nbsp;<\/p>\n<blockquote><p>Hasta el momento, el Tren Sanitario lleva realizados 500 hisopados en los que se confirmaron 215 casos positivos de Covid.<\/p><\/blockquote>\n<p>&nbsp;<\/p>\n<p>Cabe recordar que <a href=\"https:\/\/cdnoticias.com\/index.php\/2021\/05\/27\/el-tren-sanitario-de-provincia-pasara-por-hinojo-y-olavarria\/\" target=\"_blank\" rel=\"noopener\">el tren comenz\u00f3 sus funciones el 28 de mayo en Ca\u00f1uelas<\/a> desde donde parti\u00f3 el recorrido que la semana pasada<a href=\"https:\/\/cdnoticias.com\/index.php\/2021\/06\/10\/el-tren-sanitario-ya-se-encuentra-en-hinojo\/\" target=\"_blank\" rel=\"noopener\"> lo llev\u00f3 a Hinojo<\/a> y esta semana,<a href=\"https:\/\/cdnoticias.com\/index.php\/2021\/06\/12\/el-tren-sanitario-ya-atiende-en-olavarria\/\" target=\"_blank\" rel=\"noopener\"> a Olavarr\u00eda<\/a>.<\/p>\n<p>&nbsp;<\/p>\n<p><img data-recalc-dims=\"1\" loading=\"lazy\" decoding=\"async\" class=\"size-full wp-image-24020 aligncenter\" src=\"https:\/\/i0.wp.com\/cdnoticias.com\/wp-content\/uploads\/2021\/06\/conferencia-tren-sanitario.jpg?resize=800%2C445&#038;ssl=1\" alt=\"\" width=\"800\" height=\"445\" srcset=\"https:\/\/i0.wp.com\/cdnoticias.com\/wp-content\/uploads\/2021\/06\/conferencia-tren-sanitario.jpg?w=800&amp;ssl=1 800w, https:\/\/i0.wp.com\/cdnoticias.com\/wp-content\/uploads\/2021\/06\/conferencia-tren-sanitario.jpg?resize=300%2C167&amp;ssl=1 300w, https:\/\/i0.wp.com\/cdnoticias.com\/wp-content\/uploads\/2021\/06\/conferencia-tren-sanitario.jpg?resize=768%2C427&amp;ssl=1 768w\" sizes=\"auto, (max-width: 800px) 100vw, 800px\" \/><\/p>\n<p>Ceriani indic\u00f3 que \u201c<strong>ya se han vacunado m\u00e1s de 2.600 personas y se han realizado 200 controles de salud<\/strong> en el tren que, adem\u00e1s, representa una oportunidad para facilitar y promover el registro de vacunaci\u00f3n Covid VacunatePBA\u201d.<\/p>\n<p>&nbsp;<\/p>\n<p>En este sentido, aclar\u00f3 que<strong> las vacunas que se aplican son las de calendario, fundamentalmente la antigripal<\/strong>.<\/p>\n","protected":false},"excerpt":{"rendered":"<p>Lo inform\u00f3 la subsecretaria de Gesti\u00f3n de la informaci\u00f3n del ministerio de Salud bonaerense, Leticia Ceriani. Dio detalles de los<\/p>\n","protected":false},"author":4,"featured_media":23971,"comment_status":"closed","ping_status":"closed","sticky":false,"template":"","format":"standard","meta":{"_jetpack_memberships_contains_paid_content":false,"footnotes":""},"categories":[16,1],"tags":[],"class_list":["post-24018","post","type-post","status-publish","format-standard","has-post-thumbnail","hentry","category-covid-19","category-portada"],"jetpack_featured_media_url":"https:\/\/i0.wp.com\/cdnoticias.com\/wp-content\/uploads\/2021\/06\/TrenSanitario02-1.jpg?fit=960%2C636&ssl=1","jetpack_sharing_enabled":true,"_links":{"self":[{"href":"https:\/\/cdnoticias.com\/index.php\/wp-json\/wp\/v2\/posts\/24018","targetHints":{"allow":["GET"]}}],"collection":[{"href":"https:\/\/cdnoticias.com\/index.php\/wp-json\/wp\/v2\/posts"}],"about":[{"href":"https:\/\/cdnoticias.com\/index.php\/wp-json\/wp\/v2\/types\/post"}],"author":[{"embeddable":true,"href":"https:\/\/cdnoticias.com\/index.php\/wp-json\/wp\/v2\/users\/4"}],"replies":[{"embeddable":true,"href":"https:\/\/cdnoticias.com\/index.php\/wp-json\/wp\/v2\/comments?post=24018"}],"version-history":[{"count":0,"href":"https:\/\/cdnoticias.com\/index.php\/wp-json\/wp\/v2\/posts\/24018\/revisions"}],"wp:featuredmedia":[{"embeddable":true,"href":"https:\/\/cdnoticias.com\/index.php\/wp-json\/wp\/v2\/media\/23971"}],"wp:attachment":[{"href":"https:\/\/cdnoticias.com\/index.php\/wp-json\/wp\/v2\/media?parent=24018"}],"wp:term":[{"taxonomy":"category","embeddable":true,"href":"https:\/\/cdnoticias.com\/index.php\/wp-json\/wp\/v2\/categories?post=24018"},{"taxonomy":"post_tag","embeddable":true,"href":"https:\/\/cdnoticias.com\/index.php\/wp-json\/wp\/v2\/tags?post=24018"}],"curies":[{"name":"wp","href":"https:\/\/api.w.org\/{rel}","templated":true}]}}