{"id":24015,"date":"2021-06-15T10:28:42","date_gmt":"2021-06-15T13:28:42","guid":{"rendered":"http:\/\/www.centraldenoticias.com.ar\/?p=24015"},"modified":"2021-06-15T10:53:15","modified_gmt":"2021-06-15T13:53:15","slug":"campana-de-concientizacion-las-personas-mayores-son-importantes","status":"publish","type":"post","link":"https:\/\/cdnoticias.com\/index.php\/2021\/06\/15\/campana-de-concientizacion-las-personas-mayores-son-importantes\/","title":{"rendered":"Campa\u00f1a de concientizaci\u00f3n: \u201cLas personas mayores son importantes\u201d"},"content":{"rendered":"<p>El Municipio conmemora y apoya la causa por el D\u00eda Mundial de Toma de Conciencia del Abuso y Maltrato en la Vejez se celebra cada 15 de junio.\u00a0<!--more--><\/p>\n<hr \/>\n<p>El Municipio de Olavarr\u00eda a trav\u00e9s del Programa de Promoci\u00f3n de Derechos para Personas con Discapacidad y Personas Mayores, <strong>conmemora y apoya la causa por el D\u00eda Mundial de Toma de Conciencia del Abuso y Maltrato en la Vejez se celebra cada 15 de junio.<\/strong><\/p>\n<p>&nbsp;<\/p>\n<p>Por tal motivo<strong> llevaron a cabo una intervenci\u00f3n urbana<\/strong> donde dialogaron con la ciudadan\u00eda sobre la importancia de este d\u00eda, y promocionaron sus recursos de atenci\u00f3n, al tiempo que invitaron a las personas mayores a tomarse fotograf\u00edas con el mensaje de la campa\u00f1a: <strong>\u201cLas personas mayores somos importantes\u201d #Buentratosiempre.<\/strong><\/p>\n<p>&nbsp;<\/p>\n<blockquote><p>Este d\u00eda es significativo en varios aspectos porque <em>\u201cnos invita a reflexionar y revisar nuestros entornos inmediatos, y comprometernos como ciudadan\u00eda y como Estado a garantizar los derechos de las personas mayores para construir una sociedad libre de violencias, y en pleno derecho para todas las personas, sin importar su edad ni condici\u00f3n\u201d.<\/em><\/p><\/blockquote>\n<p>&nbsp;<\/p>\n<p>La referente del Programa,<strong> Lic. Romina Sponer, realiz\u00f3 un balance del trabajo sostenido en contexto de emergencia sanitaria por Covid-19, en articulaci\u00f3n con las residencias y el \u00e1rea de Salud, teniendo en cuenta que las personas mayores son uno de los grupos de riesgo que m\u00e1s cuidados necesitan.<\/strong><\/p>\n<p>&nbsp;<\/p>\n<p><em>\u201cDurante todo este proceso de pandemia, nos hemos abocado concretamente al acompa\u00f1amiento y apoyo de las personas mayores, tanto en sus particularidades, como en todos los procesos que tuvieron que transitar las diferentes residencias de larga estad\u00eda de la ciudad, con las que generamos un fuerte v\u00ednculo, al tiempo que cumplimos la funci\u00f3n de nexo con el equipo de Salud y estuvimos presentes en todos los requerimientos que fueron necesarios para transitar este proceso, as\u00ed que s\u00f3lo palabras de agradecimiento a los equipos, que han demostrado compromiso y dedicaci\u00f3n absoluta\u201d<\/em>, sostuvo.<\/p>\n<p>&nbsp;<\/p>\n<p>Con respecto a la campa\u00f1a de concientizaci\u00f3n, destac\u00f3 que <em>\u201c<strong>es una oportunidad para replantearnos nuestros v\u00ednculos, revisar nuestras conductas, los entornos en los que nos desarrollamos, y repensar las maneras de trato hacia las personas mayores<\/strong>, que no s\u00f3lo tienen que ver con la violencias o abuso propiamente dichas, sino que a veces incluyen infantilizaci\u00f3n, indiferencia, anulaci\u00f3n de las opiniones de las personas mayores, ausencia de escucha, y otras formas de maltrato que son muy perjudiciales para ellas. Apostamos a que esta iniciativa sea un disparador para reflexionar sobre esta problem\u00e1tica y agradecemos a quienes se sumaron a la campa\u00f1a\u201d<\/em>, concluy\u00f3.<\/p>\n<p>&nbsp;<\/p>\n<p>Por consultas o inquietudes, el Programa pone a disposici\u00f3n su correo institucional: discapacidadypersonasmayores@olavarria.gov.ar, o bien sus oficinas de atenci\u00f3n en Av. Sarmiento 2658, de lunes a viernes de 7 a 13 horas, respetando las medidas sanitarias por Covid-19.<\/p>\n","protected":false},"excerpt":{"rendered":"<p>El Municipio conmemora y apoya la causa por el D\u00eda Mundial de Toma de Conciencia del Abuso y Maltrato en<\/p>\n","protected":false},"author":2,"featured_media":24016,"comment_status":"closed","ping_status":"closed","sticky":false,"template":"","format":"standard","meta":{"_jetpack_memberships_contains_paid_content":false,"footnotes":""},"categories":[5,1],"tags":[],"class_list":["post-24015","post","type-post","status-publish","format-standard","has-post-thumbnail","hentry","category-informacion-general","category-portada"],"jetpack_featured_media_url":"https:\/\/i0.wp.com\/cdnoticias.com\/wp-content\/uploads\/2021\/06\/DyAM-Campana-concientizacion-buen-trato-1024x768.jpg?fit=1024%2C768&ssl=1","jetpack_sharing_enabled":true,"_links":{"self":[{"href":"https:\/\/cdnoticias.com\/index.php\/wp-json\/wp\/v2\/posts\/24015","targetHints":{"allow":["GET"]}}],"collection":[{"href":"https:\/\/cdnoticias.com\/index.php\/wp-json\/wp\/v2\/posts"}],"about":[{"href":"https:\/\/cdnoticias.com\/index.php\/wp-json\/wp\/v2\/types\/post"}],"author":[{"embeddable":true,"href":"https:\/\/cdnoticias.com\/index.php\/wp-json\/wp\/v2\/users\/2"}],"replies":[{"embeddable":true,"href":"https:\/\/cdnoticias.com\/index.php\/wp-json\/wp\/v2\/comments?post=24015"}],"version-history":[{"count":0,"href":"https:\/\/cdnoticias.com\/index.php\/wp-json\/wp\/v2\/posts\/24015\/revisions"}],"wp:featuredmedia":[{"embeddable":true,"href":"https:\/\/cdnoticias.com\/index.php\/wp-json\/wp\/v2\/media\/24016"}],"wp:attachment":[{"href":"https:\/\/cdnoticias.com\/index.php\/wp-json\/wp\/v2\/media?parent=24015"}],"wp:term":[{"taxonomy":"category","embeddable":true,"href":"https:\/\/cdnoticias.com\/index.php\/wp-json\/wp\/v2\/categories?post=24015"},{"taxonomy":"post_tag","embeddable":true,"href":"https:\/\/cdnoticias.com\/index.php\/wp-json\/wp\/v2\/tags?post=24015"}],"curies":[{"name":"wp","href":"https:\/\/api.w.org\/{rel}","templated":true}]}}