{"id":24000,"date":"2021-06-14T20:29:19","date_gmt":"2021-06-14T23:29:19","guid":{"rendered":"http:\/\/www.centraldenoticias.com.ar\/?p=24000"},"modified":"2021-06-15T08:24:01","modified_gmt":"2021-06-15T11:24:01","slug":"la-semana-comenzo-con-742-personas-vacunadas-contra-el-covid","status":"publish","type":"post","link":"https:\/\/cdnoticias.com\/index.php\/2021\/06\/14\/la-semana-comenzo-con-742-personas-vacunadas-contra-el-covid\/","title":{"rendered":"La semana comenz\u00f3 con 742 personas vacunadas contra el COVID"},"content":{"rendered":"<p>As\u00ed lo confirm\u00f3 la Regi\u00f3n Sanitaria IX. Adem\u00e1s del detalle, se\u00f1alaron que contin\u00faa la \u201cvacunaci\u00f3n libre\u201d con el agregado de que este martes estar\u00e1n en Recalde.\u00a0<!--more--><\/p>\n<hr \/>\n<p>Este lunes, <strong>Regi\u00f3n Sanitaria inform\u00f3 que 742 personas fueron vacunadas contra el COVID en sus postas de la ciudad.<\/strong><\/p>\n<p>&nbsp;<\/p>\n<blockquote><p>En el detalle, dieron cuenta de que el Servicio Territorial 2 aplic\u00f3 394 primeras dosis, la Mutual Carlos Alberto Moreno 61 segundas dosis y la Facultad de Ciencias de la Salud 287 primeras dosis. El Hospital de Oncolog\u00eda no tuvo turnos asignados en esta ocasi\u00f3n.<\/p><\/blockquote>\n<p>&nbsp;<\/p>\n<p>Mientras tanto,<strong> se record\u00f3 que la \u201cVacunaci\u00f3n libre\u201d de primeras dosis para mayores de 60 se realiza en todas las postas de vacunaci\u00f3n y, adem\u00e1s, este martes se vacunar\u00e1 en el Club Social de Recalde de 9 a 12 horas.<\/strong><\/p>\n<p>Los mayores de 60 que quieran vacunarse con primera dosis espont\u00e1neamente, sin turno, <strong>deber\u00e1n presentar DNI que acredite domicilio en la provincia de Buenos Aires.<\/strong><\/p>\n<p><strong>Postas de vacunaci\u00f3n:<\/strong><\/p>\n<p><strong>POSTA VACUNATORIO &#8211; FACULTAD CIENCIAS DE SALUD UNICEN <\/strong><br \/>\nDirecci\u00f3n: Pringles 4375.<\/p>\n<p><strong>POSTA DE VACUNACION &#8211; SERVICIO TERRITORIAL 2 <\/strong><br \/>\nDirecci\u00f3n: Av. Alberdi 2543.<br \/>\nTel: 416800.<\/p>\n<p><strong>POSTA DE VACUNACI\u00d3N HOSPITAL ZONAL ESPECIALIZADO DE ONCOLOGIA LUCIANO FORTABAT<\/strong><br \/>\nRivadavia N\u00b0 4135<br \/>\nTel: 423790 Int 123.<\/p>\n<p><strong>POSTA DE VACUNACI\u00d3N IOMA &#8211; SUTEBA MUTUAL CARLOS ALBERTO MORENO<\/strong><br \/>\nDirecci\u00f3n: Collinet al 4544.<\/p>\n","protected":false},"excerpt":{"rendered":"<p>As\u00ed lo confirm\u00f3 la Regi\u00f3n Sanitaria IX. Adem\u00e1s del detalle, se\u00f1alaron que contin\u00faa la \u201cvacunaci\u00f3n libre\u201d con el agregado de<\/p>\n","protected":false},"author":5,"featured_media":15482,"comment_status":"closed","ping_status":"closed","sticky":false,"template":"","format":"standard","meta":{"_jetpack_memberships_contains_paid_content":false,"footnotes":""},"categories":[16,1],"tags":[],"class_list":["post-24000","post","type-post","status-publish","format-standard","has-post-thumbnail","hentry","category-covid-19","category-portada"],"jetpack_featured_media_url":"https:\/\/i0.wp.com\/cdnoticias.com\/wp-content\/uploads\/2021\/03\/WhatsApp-Image-2021-03-04-at-20.35.43.jpeg?fit=1280%2C727&ssl=1","jetpack_sharing_enabled":true,"_links":{"self":[{"href":"https:\/\/cdnoticias.com\/index.php\/wp-json\/wp\/v2\/posts\/24000","targetHints":{"allow":["GET"]}}],"collection":[{"href":"https:\/\/cdnoticias.com\/index.php\/wp-json\/wp\/v2\/posts"}],"about":[{"href":"https:\/\/cdnoticias.com\/index.php\/wp-json\/wp\/v2\/types\/post"}],"author":[{"embeddable":true,"href":"https:\/\/cdnoticias.com\/index.php\/wp-json\/wp\/v2\/users\/5"}],"replies":[{"embeddable":true,"href":"https:\/\/cdnoticias.com\/index.php\/wp-json\/wp\/v2\/comments?post=24000"}],"version-history":[{"count":0,"href":"https:\/\/cdnoticias.com\/index.php\/wp-json\/wp\/v2\/posts\/24000\/revisions"}],"wp:featuredmedia":[{"embeddable":true,"href":"https:\/\/cdnoticias.com\/index.php\/wp-json\/wp\/v2\/media\/15482"}],"wp:attachment":[{"href":"https:\/\/cdnoticias.com\/index.php\/wp-json\/wp\/v2\/media?parent=24000"}],"wp:term":[{"taxonomy":"category","embeddable":true,"href":"https:\/\/cdnoticias.com\/index.php\/wp-json\/wp\/v2\/categories?post=24000"},{"taxonomy":"post_tag","embeddable":true,"href":"https:\/\/cdnoticias.com\/index.php\/wp-json\/wp\/v2\/tags?post=24000"}],"curies":[{"name":"wp","href":"https:\/\/api.w.org\/{rel}","templated":true}]}}