{"id":23998,"date":"2021-06-14T20:18:30","date_gmt":"2021-06-14T23:18:30","guid":{"rendered":"http:\/\/www.centraldenoticias.com.ar\/?p=23998"},"modified":"2021-06-14T20:18:30","modified_gmt":"2021-06-14T23:18:30","slug":"oscar-alfredo-galotti-q-e-p-d","status":"publish","type":"post","link":"https:\/\/cdnoticias.com\/index.php\/2021\/06\/14\/oscar-alfredo-galotti-q-e-p-d\/","title":{"rendered":"Oscar Alfredo Galotti (Q.E.P.D.)"},"content":{"rendered":"<p>Falleci\u00f3 en Olavarr\u00eda el 14 de junio a los 70 a\u00f1os. Su esposa Norma Graciela Melotto; sus hijos: Pablo Oscar, Ana Clara y Ana Laura Galotti; sus hijos pol\u00edticos: Noelia Pinto Galarza y Nicol\u00e1s Casado; sus nietos: Gissella Parris Galarza y Constanza Galotti; sus hermanos; sus hermanos pol\u00edticos, sus sobrinos y dem\u00e1s deudos participan su fallecimiento.<\/p>\n<p>Sus restos ser\u00e1n velados en sala de Espa\u00f1a 2942 departamento &#8221;C&#8221; (a partir de las 13:30) y ser\u00e1n inhumados en el cementerio Loma de Paz este martes 15 de junio a las 15:30, previo responso en la capilla ardiente. Vecino de barrio Santa Isabel. Jubilado de la F\u00e1brica Avanti<\/p>\n","protected":false},"excerpt":{"rendered":"<p>Falleci\u00f3 en Olavarr\u00eda el 14 de junio a los 70 a\u00f1os. Su esposa Norma Graciela Melotto; sus hijos: Pablo Oscar,<\/p>\n","protected":false},"author":5,"featured_media":0,"comment_status":"closed","ping_status":"closed","sticky":false,"template":"","format":"standard","meta":{"_jetpack_memberships_contains_paid_content":false,"footnotes":""},"categories":[10],"tags":[],"class_list":["post-23998","post","type-post","status-publish","format-standard","hentry","category-necrologicas"],"jetpack_featured_media_url":"","jetpack_sharing_enabled":true,"_links":{"self":[{"href":"https:\/\/cdnoticias.com\/index.php\/wp-json\/wp\/v2\/posts\/23998","targetHints":{"allow":["GET"]}}],"collection":[{"href":"https:\/\/cdnoticias.com\/index.php\/wp-json\/wp\/v2\/posts"}],"about":[{"href":"https:\/\/cdnoticias.com\/index.php\/wp-json\/wp\/v2\/types\/post"}],"author":[{"embeddable":true,"href":"https:\/\/cdnoticias.com\/index.php\/wp-json\/wp\/v2\/users\/5"}],"replies":[{"embeddable":true,"href":"https:\/\/cdnoticias.com\/index.php\/wp-json\/wp\/v2\/comments?post=23998"}],"version-history":[{"count":0,"href":"https:\/\/cdnoticias.com\/index.php\/wp-json\/wp\/v2\/posts\/23998\/revisions"}],"wp:attachment":[{"href":"https:\/\/cdnoticias.com\/index.php\/wp-json\/wp\/v2\/media?parent=23998"}],"wp:term":[{"taxonomy":"category","embeddable":true,"href":"https:\/\/cdnoticias.com\/index.php\/wp-json\/wp\/v2\/categories?post=23998"},{"taxonomy":"post_tag","embeddable":true,"href":"https:\/\/cdnoticias.com\/index.php\/wp-json\/wp\/v2\/tags?post=23998"}],"curies":[{"name":"wp","href":"https:\/\/api.w.org\/{rel}","templated":true}]}}