{"id":23961,"date":"2021-06-14T15:27:28","date_gmt":"2021-06-14T18:27:28","guid":{"rendered":"http:\/\/www.centraldenoticias.com.ar\/?p=23961"},"modified":"2021-06-14T15:27:28","modified_gmt":"2021-06-14T18:27:28","slug":"creimer-celebramos-que-la-provincia-lleve-la-vacunacion-a-las-localidades","status":"publish","type":"post","link":"https:\/\/cdnoticias.com\/index.php\/2021\/06\/14\/creimer-celebramos-que-la-provincia-lleve-la-vacunacion-a-las-localidades\/","title":{"rendered":"Creimer: \u201cCelebramos que la Provincia lleve la vacunaci\u00f3n a las localidades\u201d"},"content":{"rendered":"<p>As\u00ed lo expres\u00f3 la concejala del Foro Olavarr\u00eda \u2013 Frente Renovador, In\u00e9s Creimer en relaci\u00f3n a la campa\u00f1a de vacunaci\u00f3n libre de primeras dosis para personas mayores de 60 a\u00f1os que se desarrollar\u00e1 en distintas sedes del Partido.<!--more--><\/p>\n<hr \/>\n<p>El <strong>Plan Provincial de Vacunaci\u00f3n contra el COVID-19<\/strong> contin\u00faa a paso firme en Olavarr\u00eda y sus localidades. Esta semana, la provincia acercar\u00e1 la <a href=\"https:\/\/cdnoticias.com\/index.php\/2021\/06\/14\/vacunacion-libre-para-mayores-de-60-anos-en-las-localidades\/\" target=\"_blank\" rel=\"noopener\">vacunaci\u00f3n libre de primeras dosis para personas mayores de 60 a\u00f1os<\/a> a distintos puntos del Partido de Olavarr\u00eda.<\/p>\n<p>&nbsp;<\/p>\n<p>Al respecto, la <strong>concejala In\u00e9s Creimer del Foro Olavarr\u00eda &#8211; Frente Renovador<\/strong>, en el interbloque Frente de Todos, se\u00f1al\u00f3 que<em> \u201ces importante seguir con el plan de vacunaci\u00f3n, garantizando la salud a las vecinas y vecinos de nuestro Partido\u201d.<\/em><\/p>\n<p>&nbsp;<\/p>\n<p>Sobre las jornadas que se llevar\u00e1n adelante esta semana en distintas ubicaciones del Partido de Olavarr\u00eda, la concejala afirm\u00f3 que <em><strong>\u201cel objetivo es acercar la salud a las localidades. A mucha gente le cuesta acercarse a Olavarr\u00eda, ya que les resulta lejos y costoso\u201d<\/strong>.<\/em> En este sentido, la concejala del Foro Olavarr\u00eda &#8211; Frente Renovador sostuvo que<em> \u201ccelebramos que la Provincia lleve la vacunaci\u00f3n a las localidades\u201d.\u00a0<\/em><\/p>\n<p>&nbsp;<\/p>\n<p>A partir de este martes y a lo largo de toda la semana se realizar\u00e1n vacunaciones libres de primeras dosis contra el Covid-19 para personas mayores de 60 a\u00f1os. El cronograma de vacunaci\u00f3n en las localidades diagramado por Regi\u00f3n Sanitaria IX es el siguiente:<\/p>\n<p>&nbsp;<\/p>\n<p><img data-recalc-dims=\"1\" loading=\"lazy\" decoding=\"async\" class=\"alignnone size-full wp-image-23925\" src=\"https:\/\/i0.wp.com\/cdnoticias.com\/wp-content\/uploads\/2021\/06\/vacunacion-60.jpg?resize=500%2C500&#038;ssl=1\" alt=\"\" width=\"500\" height=\"500\" \/><\/p>\n<p>&nbsp;<\/p>\n<p>En Olavarr\u00eda ya se han superado las 40 mil personas vacunadas, lo cual fue celebrado por el equipo del Foro Olavarr\u00eda &#8211; Frente Renovador a trav\u00e9s de sus redes sociales. Al respecto, la concejala Creimer comparti\u00f3<em> \u201cnos alegra ver que el plan provincial de vacunaci\u00f3n avanza de esta manera, y destacamos el trabajo comprometido del personal de salud que permite que muchas personas olavarrienses est\u00e9n inmunizadas\u201d.<\/em><\/p>\n<p>&nbsp;<\/p>\n<blockquote><p>Al mismo tiempo, la concejala destac\u00f3 que <em>\u201ces importante continuar con la vacunaci\u00f3n y, sobretodo, con la inscripci\u00f3n de personas menores de 60 a\u00f1os al Plan Provincial de Vacunaci\u00f3n contra el Covid-19\u201d.<\/em><\/p><\/blockquote>\n<p>&nbsp;<\/p>\n<p>Quienes deseen realizar el registro correspondiente para el Plan Provincial de Vacunaci\u00f3n contra el Covid-19 pueden hacerlo desde el portal<a href=\"https:\/\/vacunate.ms.gba.gov.ar\/\" target=\"_blank\" rel=\"noopener\"> https:\/\/vacunate.ms.gba.gov.ar\/<\/a> o acercarse a la Casa Eduardo \u201cChino\u201d Correa, sede oficial del Foro Olavarr\u00eda &#8211; Frente Renovador, de lunes a viernes de 9 a 13 hs.<\/p>\n<p>&nbsp;<\/p>\n<p>&nbsp;<\/p>\n","protected":false},"excerpt":{"rendered":"<p>As\u00ed lo expres\u00f3 la concejala del Foro Olavarr\u00eda \u2013 Frente Renovador, In\u00e9s Creimer en relaci\u00f3n a la campa\u00f1a de vacunaci\u00f3n<\/p>\n","protected":false},"author":5,"featured_media":23962,"comment_status":"closed","ping_status":"closed","sticky":false,"template":"","format":"standard","meta":{"_jetpack_memberships_contains_paid_content":false,"footnotes":""},"categories":[16,1],"tags":[],"class_list":["post-23961","post","type-post","status-publish","format-standard","has-post-thumbnail","hentry","category-covid-19","category-portada"],"jetpack_featured_media_url":"https:\/\/i0.wp.com\/cdnoticias.com\/wp-content\/uploads\/2021\/06\/Ines-Creimer.jpg?fit=965%2C615&ssl=1","jetpack_sharing_enabled":true,"_links":{"self":[{"href":"https:\/\/cdnoticias.com\/index.php\/wp-json\/wp\/v2\/posts\/23961","targetHints":{"allow":["GET"]}}],"collection":[{"href":"https:\/\/cdnoticias.com\/index.php\/wp-json\/wp\/v2\/posts"}],"about":[{"href":"https:\/\/cdnoticias.com\/index.php\/wp-json\/wp\/v2\/types\/post"}],"author":[{"embeddable":true,"href":"https:\/\/cdnoticias.com\/index.php\/wp-json\/wp\/v2\/users\/5"}],"replies":[{"embeddable":true,"href":"https:\/\/cdnoticias.com\/index.php\/wp-json\/wp\/v2\/comments?post=23961"}],"version-history":[{"count":0,"href":"https:\/\/cdnoticias.com\/index.php\/wp-json\/wp\/v2\/posts\/23961\/revisions"}],"wp:featuredmedia":[{"embeddable":true,"href":"https:\/\/cdnoticias.com\/index.php\/wp-json\/wp\/v2\/media\/23962"}],"wp:attachment":[{"href":"https:\/\/cdnoticias.com\/index.php\/wp-json\/wp\/v2\/media?parent=23961"}],"wp:term":[{"taxonomy":"category","embeddable":true,"href":"https:\/\/cdnoticias.com\/index.php\/wp-json\/wp\/v2\/categories?post=23961"},{"taxonomy":"post_tag","embeddable":true,"href":"https:\/\/cdnoticias.com\/index.php\/wp-json\/wp\/v2\/tags?post=23961"}],"curies":[{"name":"wp","href":"https:\/\/api.w.org\/{rel}","templated":true}]}}