{"id":23947,"date":"2021-06-14T14:40:06","date_gmt":"2021-06-14T17:40:06","guid":{"rendered":"http:\/\/www.centraldenoticias.com.ar\/?p=23947"},"modified":"2021-06-14T14:40:21","modified_gmt":"2021-06-14T17:40:21","slug":"infraccionado-por-talar-arboles-en-loma-negra","status":"publish","type":"post","link":"https:\/\/cdnoticias.com\/index.php\/2021\/06\/14\/infraccionado-por-talar-arboles-en-loma-negra\/","title":{"rendered":"Infraccionado por talar \u00e1rboles en Loma Negra"},"content":{"rendered":"<p>Un hombre fue encontrado infraganti mientras talaba \u00e1rboles sobre ruta 51. Le labraron una infracci\u00f3n.<!--more--><\/p>\n<hr \/>\n<p><strong>Un hombre fue encontrado infraganti mientras talaba \u00e1rboles<\/strong> y le labraron una infracci\u00f3n.<\/p>\n<p>&nbsp;<\/p>\n<p>Seg\u00fan se detall\u00f3, <strong>personal de la Subcomisar\u00eda Loma Negra dio con el acusado, un hombre de 43 a\u00f1os, en el kil\u00f3metro 450 de la ruta 51<\/strong>.<\/p>\n<p>&nbsp;<\/p>\n<p><strong>\u201cSe encontraba talando una arboleda sin autorizaci\u00f3n\u201d<\/strong> se detall\u00f3. Se iniciaron actuaciones caratuladas \u201cinfracci\u00f3n al art\u00edculo 3 de la ley provincial 12.276\u201d con intervenci\u00f3n del <strong>Ministerio de Asuntos Agrarios<\/strong>.<\/p>\n<p>&nbsp;<\/p>\n<p>Esta intervenci\u00f3n de los efectivos se enmarco en los operativos diagramados por la Estaci\u00f3n de Polic\u00eda Departamental de Seguridad Olavarr\u00eda, entre los que se incluy\u00f3 la <a href=\"https:\/\/cdnoticias.com\/index.php\/2021\/06\/14\/desalojaron-una-reunion-en-barrio-aoma-habia-unas-15-personas\/\">detecci\u00f3n y desalojo de una fiesta clandestina<\/a>.<\/p>\n","protected":false},"excerpt":{"rendered":"<p>Un hombre fue encontrado infraganti mientras talaba \u00e1rboles sobre ruta 51. Le labraron una infracci\u00f3n.<\/p>\n","protected":false},"author":4,"featured_media":23948,"comment_status":"closed","ping_status":"closed","sticky":false,"template":"","format":"standard","meta":{"_jetpack_memberships_contains_paid_content":false,"footnotes":""},"categories":[14,1],"tags":[],"class_list":["post-23947","post","type-post","status-publish","format-standard","has-post-thumbnail","hentry","category-policiales","category-portada"],"jetpack_featured_media_url":"https:\/\/i0.wp.com\/cdnoticias.com\/wp-content\/uploads\/2021\/06\/policia-loma-negra-tala.jpg?fit=800%2C445&ssl=1","jetpack_sharing_enabled":true,"_links":{"self":[{"href":"https:\/\/cdnoticias.com\/index.php\/wp-json\/wp\/v2\/posts\/23947","targetHints":{"allow":["GET"]}}],"collection":[{"href":"https:\/\/cdnoticias.com\/index.php\/wp-json\/wp\/v2\/posts"}],"about":[{"href":"https:\/\/cdnoticias.com\/index.php\/wp-json\/wp\/v2\/types\/post"}],"author":[{"embeddable":true,"href":"https:\/\/cdnoticias.com\/index.php\/wp-json\/wp\/v2\/users\/4"}],"replies":[{"embeddable":true,"href":"https:\/\/cdnoticias.com\/index.php\/wp-json\/wp\/v2\/comments?post=23947"}],"version-history":[{"count":0,"href":"https:\/\/cdnoticias.com\/index.php\/wp-json\/wp\/v2\/posts\/23947\/revisions"}],"wp:featuredmedia":[{"embeddable":true,"href":"https:\/\/cdnoticias.com\/index.php\/wp-json\/wp\/v2\/media\/23948"}],"wp:attachment":[{"href":"https:\/\/cdnoticias.com\/index.php\/wp-json\/wp\/v2\/media?parent=23947"}],"wp:term":[{"taxonomy":"category","embeddable":true,"href":"https:\/\/cdnoticias.com\/index.php\/wp-json\/wp\/v2\/categories?post=23947"},{"taxonomy":"post_tag","embeddable":true,"href":"https:\/\/cdnoticias.com\/index.php\/wp-json\/wp\/v2\/tags?post=23947"}],"curies":[{"name":"wp","href":"https:\/\/api.w.org\/{rel}","templated":true}]}}