{"id":23938,"date":"2021-06-14T14:19:00","date_gmt":"2021-06-14T17:19:00","guid":{"rendered":"http:\/\/www.centraldenoticias.com.ar\/?p=23938"},"modified":"2021-06-14T14:19:00","modified_gmt":"2021-06-14T17:19:00","slug":"arba-abrio-este-lunes-la-moratoria-con-quitas-de-hasta-100","status":"publish","type":"post","link":"https:\/\/cdnoticias.com\/index.php\/2021\/06\/14\/arba-abrio-este-lunes-la-moratoria-con-quitas-de-hasta-100\/","title":{"rendered":"ARBA abri\u00f3 este lunes la moratoria con quitas de hasta 100%"},"content":{"rendered":"<p>Buscan que empresas y particulares regularicen deudas de los impuestos Inmobiliario, Automotores y Embarcaciones Deportivas vencidas durante 2020.<!--more--><\/p>\n<hr \/>\n<p><strong>En la provincia de Buenos Aires ya se encuentra abierta, hasta el 19 de diciembre pr\u00f3ximo, una nueva moratoria impositiva que posibilita a familias y empresas regularizar deudas de los impuestos Inmobiliario, Automotores y Embarcaciones Deportivas vencidas durante 2020<\/strong>. <a href=\"https:\/\/cdnoticias.com\/index.php\/2021\/06\/09\/arba-implementara-una-moratoria-con-beneficios-para-mas-de-3-millones-de-contribuyentes\/\" target=\"_blank\" rel=\"noopener\">La novedad se hab\u00eda adelantado la semana pasada<\/a>.<\/p>\n<p>&nbsp;<\/p>\n<blockquote><p>Cristian Girard, director de ARBA, explic\u00f3 que la medida \u201cbeneficia a m\u00e1s de 3 millones de contribuyentes que adeudan tributos patrimoniales que vencieron el a\u00f1o pasado, en medio de las dificultades generadas por la pandemia\u201d.<\/p><\/blockquote>\n<p>&nbsp;<\/p>\n<p>\u201cLos beneficios, que alcanzan <strong>hasta el 100% de condonaci\u00f3n en multas e intereses<\/strong>, est\u00e1n segmentados en funci\u00f3n de la capacidad de pago de los hogares y empresas, con mayores quitas y facilidades para quienes fueron m\u00e1s perjudicadas\u201d, asegur\u00f3 Girard.<\/p>\n<p>&nbsp;<\/p>\n<p>El programa de regularizaci\u00f3n comprende la deuda en instancia prejudicial, incluyendo los intereses y multas que se hayan generado. En el caso del <strong>Inmobiliario abarca tanto el Urbano (Edificado y Bald\u00edo) como el Rural<\/strong>, y se extiende a los componentes B\u00e1sico y Complementario. A la vez, alcanza<strong> cuotas vencidas de la Patente y Embarcaciones Deportivas<\/strong> correspondientes, en todos los casos, al a\u00f1o pasado.<\/p>\n<p>&nbsp;<\/p>\n<p>Las y los contribuyentes pueden realizar su<strong> adhesi\u00f3n a la moratoria directamente por internet, desde arba.gob.ar<\/strong>, donde tambi\u00e9n obtendr\u00e1n las liquidaciones y el c\u00f3digo de pago electr\u00f3nico.<\/p>\n<p>&nbsp;<\/p>\n<p><img data-recalc-dims=\"1\" loading=\"lazy\" decoding=\"async\" class=\"size-full wp-image-23527 aligncenter\" src=\"https:\/\/i0.wp.com\/cdnoticias.com\/wp-content\/uploads\/2021\/06\/ARBA-tapa.jpg?resize=800%2C445&#038;ssl=1\" alt=\"\" width=\"800\" height=\"445\" srcset=\"https:\/\/i0.wp.com\/cdnoticias.com\/wp-content\/uploads\/2021\/06\/ARBA-tapa.jpg?w=920&amp;ssl=1 920w, https:\/\/i0.wp.com\/cdnoticias.com\/wp-content\/uploads\/2021\/06\/ARBA-tapa.jpg?resize=300%2C167&amp;ssl=1 300w, https:\/\/i0.wp.com\/cdnoticias.com\/wp-content\/uploads\/2021\/06\/ARBA-tapa.jpg?resize=768%2C427&amp;ssl=1 768w, https:\/\/i0.wp.com\/cdnoticias.com\/wp-content\/uploads\/2021\/06\/ARBA-tapa.jpg?resize=800%2C445&amp;ssl=1 800w\" sizes=\"auto, (max-width: 800px) 100vw, 800px\" \/><\/p>\n<p>Adem\u00e1s del beneficio de quita de una parte de la deuda, <strong>contar\u00e1n con la posibilidad de financiarla en hasta 24 cuotas<\/strong>, con una tasa que va del 0% al 2%, dependiendo del plazo elegido y la situaci\u00f3n de cada contribuyente.<\/p>\n<p>&nbsp;<\/p>\n<p>Cabe destacar que esas quitas que se aplicar\u00e1n sobre multas e intereses ir\u00e1n decreciendo con el paso del tiempo, de manera que el programa favorecer\u00e1, en mayor medida, a quienes adhieran tempranamente a la moratoria, en especial durante los primeros dos meses de vigencia.<\/p>\n<p>&nbsp;<\/p>\n<blockquote><p>De hecho, el tramo con mayores descuentos comienza hoy y se extiende hasta el 15 de agosto pr\u00f3ximo. El segundo abarca del 16 de agosto al 17 de octubre. Y el \u00faltimo desde el 18 de octubre hasta la finalizaci\u00f3n de la moratoria, el 19 de diciembre de 2021.<\/p><\/blockquote>\n<p>&nbsp;<\/p>\n<p>Las y los contribuyentes que hayan tenido su actividad afectada por la emergencia sanitaria producida por el COVID, seg\u00fan la categorizaci\u00f3n establecida por el Ministerio de la Producci\u00f3n, Ciencia e Innovaci\u00f3n Tecnol\u00f3gica bonaerense, recibir\u00e1n un 100% de reducci\u00f3n en el monto de intereses, sin importar en qu\u00e9 tramo de la moratoria decidan ingresar.<\/p>\n<p>&nbsp;<\/p>\n<p><img data-recalc-dims=\"1\" loading=\"lazy\" decoding=\"async\" class=\"size-full wp-image-23526 aligncenter\" src=\"https:\/\/i0.wp.com\/cdnoticias.com\/wp-content\/uploads\/2021\/06\/ARBA-tapa00.jpg?resize=800%2C445&#038;ssl=1\" alt=\"\" width=\"800\" height=\"445\" srcset=\"https:\/\/i0.wp.com\/cdnoticias.com\/wp-content\/uploads\/2021\/06\/ARBA-tapa00.jpg?w=920&amp;ssl=1 920w, https:\/\/i0.wp.com\/cdnoticias.com\/wp-content\/uploads\/2021\/06\/ARBA-tapa00.jpg?resize=300%2C167&amp;ssl=1 300w, https:\/\/i0.wp.com\/cdnoticias.com\/wp-content\/uploads\/2021\/06\/ARBA-tapa00.jpg?resize=768%2C427&amp;ssl=1 768w, https:\/\/i0.wp.com\/cdnoticias.com\/wp-content\/uploads\/2021\/06\/ARBA-tapa00.jpg?resize=800%2C445&amp;ssl=1 800w\" sizes=\"auto, (max-width: 800px) 100vw, 800px\" \/><\/p>\n<p><strong>Para el resto, las quitas ir\u00e1n del 90% al 10%<\/strong>, dependiendo del momento en el que adhieran, la totalidad de ingresos que hayan declarado o las valuaciones de sus bienes. En todos los casos, dado el car\u00e1cter de progresividad con el que ARBA instrument\u00f3 la medida, recibir\u00e1n mayores beneficios quienes hubiesen registrado menores ventas o posean los inmuebles, automotores o embarcaciones de menor valor fiscal.<\/p>\n<p>&nbsp;<\/p>\n<p>Girard record\u00f3 que esta moratoria \u201cforma parte del conjunto de medidas extraordinarias que dispuso el gobernador Axel Kicillof para auxiliar y acompa\u00f1ar a las y los bonaerenses desde el inicio de la pandemia\u201d.<\/p>\n<p>&nbsp;<\/p>\n<p>En ese sentido, destac\u00f3 que desde ARBA \u201cinstrumentamos diversas acciones, como la <strong>eliminaci\u00f3n de retenciones y la suspensi\u00f3n de embargos,<\/strong> para asistir a comercios, microempresas y pymes en esta situaci\u00f3n extrema que nos toca atravesar, acompa\u00f1ando el esfuerzo que est\u00e1 haciendo toda la sociedad\u201d.<\/p>\n<p>&nbsp;<\/p>\n<p>Desde el surgimiento de la pandemia, la asistencia tributaria de la Provincia al sector productivo y las familias incluy\u00f3, entre otras medidas, la extensi\u00f3n de plazos para poder pagar impuestos con descuento; planes con facilidades para regularizar deudas; mejora en la devoluci\u00f3n de saldos a favor; exenciones parciales de Ingresos Brutos; reducci\u00f3n y eliminaci\u00f3n de al\u00edcuotas de retenci\u00f3n en los rubros m\u00e1s afectados; y ahora una nueva moratoria que condona intereses y multas.<\/p>\n<p>&nbsp;<\/p>\n<p>Fuente: <em>Prensa ARBA<\/em><\/p>\n","protected":false},"excerpt":{"rendered":"<p>Buscan que empresas y particulares regularicen deudas de los impuestos Inmobiliario, Automotores y Embarcaciones Deportivas vencidas durante 2020.<\/p>\n","protected":false},"author":4,"featured_media":12852,"comment_status":"closed","ping_status":"closed","sticky":false,"template":"","format":"standard","meta":{"_jetpack_memberships_contains_paid_content":false,"footnotes":""},"categories":[6],"tags":[],"class_list":["post-23938","post","type-post","status-publish","format-standard","has-post-thumbnail","hentry","category-nacionales"],"jetpack_featured_media_url":"https:\/\/i0.wp.com\/cdnoticias.com\/wp-content\/uploads\/2021\/02\/ARBA-Girard_Recaudaci%C3%B3n_Anual.jpg?fit=2992%2C2000&ssl=1","jetpack_sharing_enabled":true,"_links":{"self":[{"href":"https:\/\/cdnoticias.com\/index.php\/wp-json\/wp\/v2\/posts\/23938","targetHints":{"allow":["GET"]}}],"collection":[{"href":"https:\/\/cdnoticias.com\/index.php\/wp-json\/wp\/v2\/posts"}],"about":[{"href":"https:\/\/cdnoticias.com\/index.php\/wp-json\/wp\/v2\/types\/post"}],"author":[{"embeddable":true,"href":"https:\/\/cdnoticias.com\/index.php\/wp-json\/wp\/v2\/users\/4"}],"replies":[{"embeddable":true,"href":"https:\/\/cdnoticias.com\/index.php\/wp-json\/wp\/v2\/comments?post=23938"}],"version-history":[{"count":0,"href":"https:\/\/cdnoticias.com\/index.php\/wp-json\/wp\/v2\/posts\/23938\/revisions"}],"wp:featuredmedia":[{"embeddable":true,"href":"https:\/\/cdnoticias.com\/index.php\/wp-json\/wp\/v2\/media\/12852"}],"wp:attachment":[{"href":"https:\/\/cdnoticias.com\/index.php\/wp-json\/wp\/v2\/media?parent=23938"}],"wp:term":[{"taxonomy":"category","embeddable":true,"href":"https:\/\/cdnoticias.com\/index.php\/wp-json\/wp\/v2\/categories?post=23938"},{"taxonomy":"post_tag","embeddable":true,"href":"https:\/\/cdnoticias.com\/index.php\/wp-json\/wp\/v2\/tags?post=23938"}],"curies":[{"name":"wp","href":"https:\/\/api.w.org\/{rel}","templated":true}]}}