{"id":23923,"date":"2021-06-14T12:25:31","date_gmt":"2021-06-14T15:25:31","guid":{"rendered":"http:\/\/www.centraldenoticias.com.ar\/?p=23923"},"modified":"2021-06-14T12:25:31","modified_gmt":"2021-06-14T15:25:31","slug":"vacunacion-libre-para-mayores-de-60-anos-en-las-localidades","status":"publish","type":"post","link":"https:\/\/cdnoticias.com\/index.php\/2021\/06\/14\/vacunacion-libre-para-mayores-de-60-anos-en-las-localidades\/","title":{"rendered":"\u201cVacunaci\u00f3n libre\u201d para mayores de 60 a\u00f1os en las localidades"},"content":{"rendered":"<p>Estar\u00e1 a cargo de una \u201cposta de vacunaci\u00f3n itinerante\u201d. Comenzar\u00e1 este martes en Recalde. Se aplican primeras dosis.<!--more--><\/p>\n<hr \/>\n<p><strong>A partir de este martes la \u201cVacunaci\u00f3n libre\u201d para mayores de 60 a\u00f1os de primeras dosis llega a las localidades<\/strong>, se inform\u00f3 desde la Regi\u00f3n Sanitaria IX. Se dieron a conocer los lugares y horarios de atenci\u00f3n por localidad.<\/p>\n<p>&nbsp;<\/p>\n<p>\u201cUna posta de vacunaci\u00f3n itinerante del Plan provincial Buenos Aires Vacunate recorrer\u00e1 las localidades del partido de Olavarr\u00eda <strong>para inocular con primeras dosis contra el COVID a los mayores de 60 a\u00f1os<\/strong>\u201d se destac\u00f3.<\/p>\n<p>&nbsp;<\/p>\n<p>La experiencia se puso en marcha tras el <a href=\"https:\/\/cdnoticias.com\/index.php\/2021\/06\/13\/la-vacunacion-libre-de-primeras-dosis-para-mayores-de-60-se-podra-realizar-en-todas-las-postas\/\" target=\"_blank\" rel=\"noopener\">inicio de esta \u201cvacunaci\u00f3n libre\u201d durante el fin de semana en toda la provincia<\/a>\u00a0para esta franja etaria y, en el plano local, despu\u00e9s de la puesta en marcha de la<a href=\"https:\/\/cdnoticias.com\/index.php\/2021\/06\/05\/mas-de-80-personas-fueron-vacunadas-en-espigas-contra-el-coronavirus\/\" target=\"_blank\" rel=\"noopener\"> vacunaci\u00f3n itinerante en Espigas<\/a>.<\/p>\n<p>&nbsp;<\/p>\n<blockquote><p>En cuanto a la propuesta que se inicia este martes se destac\u00f3 que \u201ctodas las personas de m\u00e1s de 60 a\u00f1os que deseen vacunarse contra el coronavirus y no est\u00e9n inscriptos o hayan perdido el turno podr\u00e1n acercarse con el DNI a las postas de vacunaci\u00f3n para recibir dosis en el momento\u201d.<\/p><\/blockquote>\n<p>&nbsp;<\/p>\n<p><img data-recalc-dims=\"1\" loading=\"lazy\" decoding=\"async\" class=\"size-full wp-image-23925 aligncenter\" src=\"https:\/\/i0.wp.com\/cdnoticias.com\/wp-content\/uploads\/2021\/06\/vacunacion-60.jpg?resize=500%2C500&#038;ssl=1\" alt=\"\" width=\"500\" height=\"500\" \/><\/p>\n<p>&nbsp;<\/p>\n<p>El <strong>cronograma<\/strong> de recorridos ser\u00e1:<\/p>\n<p>&nbsp;<\/p>\n<p>&#8211;<strong>Recalde, martes 15<\/strong> en el Club Social de 9 a 12 horas.<\/p>\n<p>&nbsp;<\/p>\n<p>&#8211;<strong>Hinojo, mi\u00e9rcoles 16<\/strong>, Centro de Jubilados: Av. Crotto 1863 de 9 a 12 horas.<\/p>\n<p>&nbsp;<\/p>\n<p>&#8211;<strong>Sierra Chica, jueves 17<\/strong>, Club Sierra Chica: Av. Legorburu y Av. Centenario de\u00a0 9 a 12 horas.<\/p>\n<p>&nbsp;<\/p>\n<p>&#8211;<strong>Loma Negra, viernes 18<\/strong>, AOMA: \u00c1lvaro Barros 1317 de 9 a 12 horas.<\/p>\n<p>&nbsp;<\/p>\n<p>&#8211;<strong>Sierras Bayas, s\u00e1bado 19<\/strong>, AOMA: San Mart\u00edn 2252 de 9 a 12 horas.<\/p>\n","protected":false},"excerpt":{"rendered":"<p>Estar\u00e1 a cargo de una \u201cposta de vacunaci\u00f3n itinerante\u201d. Comenzar\u00e1 este martes en Recalde. Se aplican primeras dosis.<\/p>\n","protected":false},"author":4,"featured_media":23926,"comment_status":"closed","ping_status":"closed","sticky":false,"template":"","format":"standard","meta":{"_jetpack_memberships_contains_paid_content":false,"footnotes":""},"categories":[16,1],"tags":[],"class_list":["post-23923","post","type-post","status-publish","format-standard","has-post-thumbnail","hentry","category-covid-19","category-portada"],"jetpack_featured_media_url":"https:\/\/i0.wp.com\/cdnoticias.com\/wp-content\/uploads\/2021\/06\/vacunacion-60-espigas.jpg?fit=800%2C445&ssl=1","jetpack_sharing_enabled":true,"_links":{"self":[{"href":"https:\/\/cdnoticias.com\/index.php\/wp-json\/wp\/v2\/posts\/23923","targetHints":{"allow":["GET"]}}],"collection":[{"href":"https:\/\/cdnoticias.com\/index.php\/wp-json\/wp\/v2\/posts"}],"about":[{"href":"https:\/\/cdnoticias.com\/index.php\/wp-json\/wp\/v2\/types\/post"}],"author":[{"embeddable":true,"href":"https:\/\/cdnoticias.com\/index.php\/wp-json\/wp\/v2\/users\/4"}],"replies":[{"embeddable":true,"href":"https:\/\/cdnoticias.com\/index.php\/wp-json\/wp\/v2\/comments?post=23923"}],"version-history":[{"count":0,"href":"https:\/\/cdnoticias.com\/index.php\/wp-json\/wp\/v2\/posts\/23923\/revisions"}],"wp:featuredmedia":[{"embeddable":true,"href":"https:\/\/cdnoticias.com\/index.php\/wp-json\/wp\/v2\/media\/23926"}],"wp:attachment":[{"href":"https:\/\/cdnoticias.com\/index.php\/wp-json\/wp\/v2\/media?parent=23923"}],"wp:term":[{"taxonomy":"category","embeddable":true,"href":"https:\/\/cdnoticias.com\/index.php\/wp-json\/wp\/v2\/categories?post=23923"},{"taxonomy":"post_tag","embeddable":true,"href":"https:\/\/cdnoticias.com\/index.php\/wp-json\/wp\/v2\/tags?post=23923"}],"curies":[{"name":"wp","href":"https:\/\/api.w.org\/{rel}","templated":true}]}}