{"id":23915,"date":"2021-06-14T11:53:25","date_gmt":"2021-06-14T14:53:25","guid":{"rendered":"http:\/\/www.centraldenoticias.com.ar\/?p=23915"},"modified":"2021-06-14T11:53:25","modified_gmt":"2021-06-14T14:53:25","slug":"inscripcion-al-plan-egresar-para-que-jovenes-terminen-los-estudios-secundarios","status":"publish","type":"post","link":"https:\/\/cdnoticias.com\/index.php\/2021\/06\/14\/inscripcion-al-plan-egresar-para-que-jovenes-terminen-los-estudios-secundarios\/","title":{"rendered":"Inscripci\u00f3n al Plan Egresar para que j\u00f3venes terminen los estudios secundarios"},"content":{"rendered":"<p>Contempla una beca de 5.000 pesos. Desde este lunes y hasta el 16 de julio se pueden anotar online en la web del Ministerio de Educaci\u00f3n. Buscan alcanzar a unos 400 mil j\u00f3venes.<!--more--><\/p>\n<hr \/>\n<p><strong>Desde este el lunes se abre la inscripci\u00f3n al \u201cPlan Egresar: proyect\u00e1 tu futuro\u201d<\/strong>, con el objetivo de que las y los j\u00f3venes que adeudan materias puedan finalizar sus estudios secundarios.<\/p>\n<p>&nbsp;<\/p>\n<p>El <strong>Ministerio de Educaci\u00f3n de la Naci\u00f3n<\/strong>, en acuerdo con los Ministerios de Educaci\u00f3n jurisdiccionales, dise\u00f1\u00f3 <strong>un plan integral de terminalidad del nivel<\/strong>.<\/p>\n<p>&nbsp;<\/p>\n<blockquote><p>El \u201cPlan Egresar: proyect\u00e1 tu futuro\u201d tiene como prop\u00f3sito acompa\u00f1ar a las y los j\u00f3venes que han cursado todos los a\u00f1os de la escuela secundaria y tienen materias pendientes de aprobaci\u00f3n.<\/p><\/blockquote>\n<p>&nbsp;<\/p>\n<p><img data-recalc-dims=\"1\" loading=\"lazy\" decoding=\"async\" class=\"size-full wp-image-23916 aligncenter\" src=\"https:\/\/i0.wp.com\/cdnoticias.com\/wp-content\/uploads\/2021\/06\/plan-egresar-02.jpg?resize=500%2C500&#038;ssl=1\" alt=\"\" width=\"500\" height=\"500\" srcset=\"https:\/\/i0.wp.com\/cdnoticias.com\/wp-content\/uploads\/2021\/06\/plan-egresar-02.jpg?w=500&amp;ssl=1 500w, https:\/\/i0.wp.com\/cdnoticias.com\/wp-content\/uploads\/2021\/06\/plan-egresar-02.jpg?resize=150%2C150&amp;ssl=1 150w, https:\/\/i0.wp.com\/cdnoticias.com\/wp-content\/uploads\/2021\/06\/plan-egresar-02.jpg?resize=300%2C300&amp;ssl=1 300w\" sizes=\"auto, (max-width: 500px) 100vw, 500px\" \/><\/p>\n<p>Seg\u00fan se inform\u00f3 desde la Regional de FINes, <strong>est\u00e1 destinado a las y los estudiantes que culminaron la escuela secundaria orientada entre 2016 y 2020 y que no egresaron por adeudar materias<\/strong> o tener trayectos formativos por acreditar.<\/p>\n<p>&nbsp;<\/p>\n<p>Se estima que en ese per\u00edodo<strong> la cifra ronda los 400 mil estudiantes<\/strong>, objetivo a alcanzar con este programa.<\/p>\n<p>&nbsp;<\/p>\n<p><img data-recalc-dims=\"1\" loading=\"lazy\" decoding=\"async\" class=\"size-full wp-image-23918 aligncenter\" src=\"https:\/\/i0.wp.com\/cdnoticias.com\/wp-content\/uploads\/2021\/06\/plan-egresar-01.jpg?resize=800%2C445&#038;ssl=1\" alt=\"\" width=\"800\" height=\"445\" srcset=\"https:\/\/i0.wp.com\/cdnoticias.com\/wp-content\/uploads\/2021\/06\/plan-egresar-01.jpg?w=800&amp;ssl=1 800w, https:\/\/i0.wp.com\/cdnoticias.com\/wp-content\/uploads\/2021\/06\/plan-egresar-01.jpg?resize=300%2C167&amp;ssl=1 300w, https:\/\/i0.wp.com\/cdnoticias.com\/wp-content\/uploads\/2021\/06\/plan-egresar-01.jpg?resize=768%2C427&amp;ssl=1 768w\" sizes=\"auto, (max-width: 800px) 100vw, 800px\" \/><\/p>\n<p>Las y los interesados pueden inscribirse <strong>del 14 de junio al 16 de julio<\/strong> en la plataforma Egresar de la p\u00e1gina web del Ministerio de Educaci\u00f3n:<strong> www.argentina.gob.ar\/educacion\/egresar<\/strong>.<\/p>\n<p>&nbsp;<\/p>\n<p>Podr\u00e1n solicitar una <strong>beca Egresar de 5.000 pesos mensuales durante un cuatrimestre<\/strong> -renovable en caso de corresponder por un cuatrimestre m\u00e1s- en tanto cumplan con los requisitos.<\/p>\n","protected":false},"excerpt":{"rendered":"<p>Contempla una beca de 5.000 pesos. Desde este lunes y hasta el 16 de julio se pueden anotar online en<\/p>\n","protected":false},"author":4,"featured_media":23917,"comment_status":"closed","ping_status":"closed","sticky":false,"template":"","format":"standard","meta":{"_jetpack_memberships_contains_paid_content":false,"footnotes":""},"categories":[5,1],"tags":[],"class_list":["post-23915","post","type-post","status-publish","format-standard","has-post-thumbnail","hentry","category-informacion-general","category-portada"],"jetpack_featured_media_url":"https:\/\/i0.wp.com\/cdnoticias.com\/wp-content\/uploads\/2021\/06\/plan-egresar-00.jpg?fit=800%2C439&ssl=1","jetpack_sharing_enabled":true,"_links":{"self":[{"href":"https:\/\/cdnoticias.com\/index.php\/wp-json\/wp\/v2\/posts\/23915","targetHints":{"allow":["GET"]}}],"collection":[{"href":"https:\/\/cdnoticias.com\/index.php\/wp-json\/wp\/v2\/posts"}],"about":[{"href":"https:\/\/cdnoticias.com\/index.php\/wp-json\/wp\/v2\/types\/post"}],"author":[{"embeddable":true,"href":"https:\/\/cdnoticias.com\/index.php\/wp-json\/wp\/v2\/users\/4"}],"replies":[{"embeddable":true,"href":"https:\/\/cdnoticias.com\/index.php\/wp-json\/wp\/v2\/comments?post=23915"}],"version-history":[{"count":0,"href":"https:\/\/cdnoticias.com\/index.php\/wp-json\/wp\/v2\/posts\/23915\/revisions"}],"wp:featuredmedia":[{"embeddable":true,"href":"https:\/\/cdnoticias.com\/index.php\/wp-json\/wp\/v2\/media\/23917"}],"wp:attachment":[{"href":"https:\/\/cdnoticias.com\/index.php\/wp-json\/wp\/v2\/media?parent=23915"}],"wp:term":[{"taxonomy":"category","embeddable":true,"href":"https:\/\/cdnoticias.com\/index.php\/wp-json\/wp\/v2\/categories?post=23915"},{"taxonomy":"post_tag","embeddable":true,"href":"https:\/\/cdnoticias.com\/index.php\/wp-json\/wp\/v2\/tags?post=23915"}],"curies":[{"name":"wp","href":"https:\/\/api.w.org\/{rel}","templated":true}]}}