{"id":23905,"date":"2021-06-13T20:26:19","date_gmt":"2021-06-14T13:37:12","guid":{"rendered":"http:\/\/www.centraldenoticias.com.ar\/?p=23905"},"modified":"2025-01-23T22:11:25","modified_gmt":"2025-01-24T01:11:25","slug":"pedro-de-la-vega-seria-lo-mas-lindo-jugar-un-juego-olimpico","status":"publish","type":"post","link":"https:\/\/cdnoticias.com\/index.php\/2021\/06\/13\/pedro-de-la-vega-seria-lo-mas-lindo-jugar-un-juego-olimpico\/","title":{"rendered":"Pedro De la Vega: \u201cSer\u00eda lo m\u00e1s lindo jugar un Juego Ol\u00edmpico\u201d"},"content":{"rendered":"<p>Una vez concluida la gira por Espa\u00f1a, la Selecci\u00f3n Argentina Sub23 regres\u00f3 al pa\u00eds y Pedro De la Vega habl\u00f3 con la prensa de lo que signific\u00f3 la gira, sus buenas actuaciones y su ilusi\u00f3n con ser parte del equipo que dir\u00e1 presente en los venideros Juegos Ol\u00edmpicos.<!--more--><\/p>\n<hr \/>\n<p>El volante de Lan\u00fas habl\u00f3 con TyC Sports tras su regreso al pa\u00eds luego de la gira con la Sub23 por Marbella, donde venci\u00f3 a Dinamarca y Arabia Saudita en dos amistosos y adem\u00e1s de sumar minutos en ambos, <a href=\"http:\/\/centraldeportes.com.ar\/video-festejo-de-pedro-de-la-vega-con-la-seleccion-argentina\/\">marc\u00f3 un gol<\/a>.<\/p>\n<p>&nbsp;<\/p>\n<p>El olavarriense fue una de las figuras en los partidos disputados en el Marbella Football Center y este domingo habl\u00f3 con el canal de deportes donde se mostr\u00f3 ilusionado con integrar la lista de jugadores que desde el venidero 23 de julio jugar\u00e1n los Juegos Ol\u00edmpicos: &#8220;<strong>Es un sue\u00f1o, ser\u00eda lo m\u00e1s lindo jugar un Juego Ol\u00edmpico. Yo lo ve\u00eda desde chiquito, as\u00ed que estar ac\u00e1 y tener la posibilidad de meterme en esta lista es algo muy lindo<\/strong>&#8220;.<\/p>\n<p>&nbsp;<\/p>\n<p>\u201cPepo\u201d reconoci\u00f3 que a varios de los futbolistas con los que viaj\u00f3 a Espa\u00f1a ya los conoc\u00eda pero \u201c<em>no me hab\u00eda tocado estar antes en la Sub23<\/em>\u201d.<\/p>\n<p>&nbsp;<\/p>\n<p>Por otro lado, cont\u00f3 que, durante las pr\u00e1cticas en el Predio que la Asociaci\u00f3n del F\u00fatbol Argentino tiene en Ezeiza, no logr\u00f3 cruzarse con Lionel Messi y compa\u00f1\u00eda ya que se encuentran en una burbuja aparte, pero les dese\u00f3 lo mejor en la Copa Am\u00e9rica. &#8220;<em>Te dan ganas de quedarte a vivir ac\u00e1, es el sue\u00f1o de cualquier jugador. Estuvimos entrenando pero no nos cruzamos con los de la mayor porque ellos est\u00e1n en la burbuja. Ahora los vamos a alentar<\/em>&#8220;, concluy\u00f3.<\/p>\n<p>&nbsp;<\/p>\n<p>El jugador surgido en Ferro aguardar\u00e1 la determinaci\u00f3n final de Fernando Batista, mientras adem\u00e1s se rumorea que equipos como Fiorentina de Italia (el DT Gennaro Gattuso habr\u00eda presenciado el <a href=\"http:\/\/centraldeportes.com.ar\/pedro-de-la-vega-ingreso-en-la-victoria-de-argentina\/\">primer partido<\/a> amistoso de Argentina) o Norwich de Inglaterra intentar\u00edan contar con sus servicios.<\/p>\n<p>&nbsp;<\/p>\n<p>Fuente: TyC Sports<\/p>\n","protected":false},"excerpt":{"rendered":"<p>Una vez concluida la gira por Espa\u00f1a, la Selecci\u00f3n Argentina Sub23 regres\u00f3 al pa\u00eds y Pedro De la Vega habl\u00f3<\/p>\n","protected":false},"author":96739694,"featured_media":0,"comment_status":"closed","ping_status":"closed","sticky":false,"template":"","format":"standard","meta":{"_jetpack_memberships_contains_paid_content":false,"footnotes":""},"categories":[35,37,1],"tags":[],"class_list":["post-23905","post","type-post","status-publish","format-standard","hentry","category-futbol","category-futbol-profesional","category-portada"],"jetpack_featured_media_url":"","jetpack_sharing_enabled":true,"_links":{"self":[{"href":"https:\/\/cdnoticias.com\/index.php\/wp-json\/wp\/v2\/posts\/23905","targetHints":{"allow":["GET"]}}],"collection":[{"href":"https:\/\/cdnoticias.com\/index.php\/wp-json\/wp\/v2\/posts"}],"about":[{"href":"https:\/\/cdnoticias.com\/index.php\/wp-json\/wp\/v2\/types\/post"}],"author":[{"embeddable":true,"href":"https:\/\/cdnoticias.com\/index.php\/wp-json\/wp\/v2\/users\/96739694"}],"replies":[{"embeddable":true,"href":"https:\/\/cdnoticias.com\/index.php\/wp-json\/wp\/v2\/comments?post=23905"}],"version-history":[{"count":0,"href":"https:\/\/cdnoticias.com\/index.php\/wp-json\/wp\/v2\/posts\/23905\/revisions"}],"wp:attachment":[{"href":"https:\/\/cdnoticias.com\/index.php\/wp-json\/wp\/v2\/media?parent=23905"}],"wp:term":[{"taxonomy":"category","embeddable":true,"href":"https:\/\/cdnoticias.com\/index.php\/wp-json\/wp\/v2\/categories?post=23905"},{"taxonomy":"post_tag","embeddable":true,"href":"https:\/\/cdnoticias.com\/index.php\/wp-json\/wp\/v2\/tags?post=23905"}],"curies":[{"name":"wp","href":"https:\/\/api.w.org\/{rel}","templated":true}]}}