{"id":23891,"date":"2021-06-14T08:36:37","date_gmt":"2021-06-14T11:36:37","guid":{"rendered":"http:\/\/www.centraldenoticias.com.ar\/?p=23891"},"modified":"2021-06-14T08:36:37","modified_gmt":"2021-06-14T11:36:37","slug":"elva-angelica-torrado-viuda-de-gomez-q-e-p-d","status":"publish","type":"post","link":"https:\/\/cdnoticias.com\/index.php\/2021\/06\/14\/elva-angelica-torrado-viuda-de-gomez-q-e-p-d\/","title":{"rendered":"Elva Ang\u00e9lica Torrado viuda de Gomez (Q.E.P.D.)"},"content":{"rendered":"<p>Falleci\u00f3 en General Alvear el d\u00eda 13 de junio de 2021 a los 87 a\u00f1os de edad.<\/p>\n<p>&nbsp;<\/p>\n<p>Sus hijos: Zulema, Miguel \u00c1ngel, Walter, Fabricio y Cristian. Sus hijas pol\u00edticas: Cristina, Claudia y Mar\u00eda Rosa. Sus nietos, bisnietos, sobrinos, sobrinos pol\u00edticos y dem\u00e1s deudos participan su fallecimiento.<\/p>\n<p>&nbsp;<\/p>\n<p>Velatorio: Sala &#8220;D&#8221; de Espa\u00f1a 2942, a partir de las 12:30 horas. Responso: Capilla ardiente. Inhumaci\u00f3n: Loma de Paz, lunes 14 de junio a las 14:30 horas. Servicio adherido a Coopelectric.<\/p>\n<p>&nbsp;<\/p>\n<p>Barrio en el que viv\u00eda: CECO I<\/p>\n<p>&nbsp;<\/p>\n<p>Lugar de nacimiento: 25 de Mayo.<\/p>\n<p>&nbsp;<\/p>\n<p>Actividad que desarrollaba: Jubilada y Pensionada.<\/p>\n","protected":false},"excerpt":{"rendered":"<p>Falleci\u00f3 en General Alvear el d\u00eda 13 de junio de 2021 a los 87 a\u00f1os de edad. &nbsp; Sus hijos:<\/p>\n","protected":false},"author":4,"featured_media":0,"comment_status":"closed","ping_status":"closed","sticky":false,"template":"","format":"standard","meta":{"_jetpack_memberships_contains_paid_content":false,"footnotes":""},"categories":[10],"tags":[],"class_list":["post-23891","post","type-post","status-publish","format-standard","hentry","category-necrologicas"],"jetpack_featured_media_url":"","jetpack_sharing_enabled":true,"_links":{"self":[{"href":"https:\/\/cdnoticias.com\/index.php\/wp-json\/wp\/v2\/posts\/23891","targetHints":{"allow":["GET"]}}],"collection":[{"href":"https:\/\/cdnoticias.com\/index.php\/wp-json\/wp\/v2\/posts"}],"about":[{"href":"https:\/\/cdnoticias.com\/index.php\/wp-json\/wp\/v2\/types\/post"}],"author":[{"embeddable":true,"href":"https:\/\/cdnoticias.com\/index.php\/wp-json\/wp\/v2\/users\/4"}],"replies":[{"embeddable":true,"href":"https:\/\/cdnoticias.com\/index.php\/wp-json\/wp\/v2\/comments?post=23891"}],"version-history":[{"count":0,"href":"https:\/\/cdnoticias.com\/index.php\/wp-json\/wp\/v2\/posts\/23891\/revisions"}],"wp:attachment":[{"href":"https:\/\/cdnoticias.com\/index.php\/wp-json\/wp\/v2\/media?parent=23891"}],"wp:term":[{"taxonomy":"category","embeddable":true,"href":"https:\/\/cdnoticias.com\/index.php\/wp-json\/wp\/v2\/categories?post=23891"},{"taxonomy":"post_tag","embeddable":true,"href":"https:\/\/cdnoticias.com\/index.php\/wp-json\/wp\/v2\/tags?post=23891"}],"curies":[{"name":"wp","href":"https:\/\/api.w.org\/{rel}","templated":true}]}}