{"id":23880,"date":"2021-06-13T18:42:28","date_gmt":"2021-06-13T21:42:28","guid":{"rendered":"http:\/\/www.centraldenoticias.com.ar\/?p=23880"},"modified":"2021-06-13T18:42:28","modified_gmt":"2021-06-13T21:42:28","slug":"confirmaron-el-fallecimiento-de-un-paciente-con-covid-este-domingo","status":"publish","type":"post","link":"https:\/\/cdnoticias.com\/index.php\/2021\/06\/13\/confirmaron-el-fallecimiento-de-un-paciente-con-covid-este-domingo\/","title":{"rendered":"Confirmaron el fallecimiento de un paciente con COVID este domingo"},"content":{"rendered":"<p>Se trata de un hombre de 70 a\u00f1os que \u201cpresentaba comorbilidades previas\u201d. Son 295 los fallecidos por la pandemia.\u00a0<!--more--><\/p>\n<hr \/>\n<p>En la jornada de este domingo, <strong>la Secretar\u00eda de Salud inform\u00f3 un nuevo fallecimiento por COVID en Olavarr\u00eda.<\/strong><\/p>\n<p>&nbsp;<\/p>\n<p>Se trata de <strong>un hombre de 70 a\u00f1os que presentaba comorbilidades previas y estaba internado en el Hospital Municipal \u201cDr. H\u00e9ctor M. Cura\u201d.<\/strong><\/p>\n<p>&nbsp;<\/p>\n<blockquote><p>Con su lamentable deceso, son 295 las v\u00edctimas por COVID desde el inicio de la pandemia.<\/p><\/blockquote>\n<p>&nbsp;<\/p>\n<p>La Municipalidad de Olavarr\u00eda y el intendente Ezequiel Galli enviaron sus condolencias a familiares del paciente.<\/p>\n","protected":false},"excerpt":{"rendered":"<p>Se trata de un hombre de 70 a\u00f1os que \u201cpresentaba comorbilidades previas\u201d. Son 295 los fallecidos por la pandemia.\u00a0<\/p>\n","protected":false},"author":5,"featured_media":13336,"comment_status":"closed","ping_status":"closed","sticky":false,"template":"","format":"standard","meta":{"_jetpack_memberships_contains_paid_content":false,"footnotes":""},"categories":[16,1],"tags":[],"class_list":["post-23880","post","type-post","status-publish","format-standard","has-post-thumbnail","hentry","category-covid-19","category-portada"],"jetpack_featured_media_url":"https:\/\/i0.wp.com\/cdnoticias.com\/wp-content\/uploads\/2021\/02\/hospital-de-noche1.jpg?fit=4460%2C2920&ssl=1","jetpack_sharing_enabled":true,"_links":{"self":[{"href":"https:\/\/cdnoticias.com\/index.php\/wp-json\/wp\/v2\/posts\/23880","targetHints":{"allow":["GET"]}}],"collection":[{"href":"https:\/\/cdnoticias.com\/index.php\/wp-json\/wp\/v2\/posts"}],"about":[{"href":"https:\/\/cdnoticias.com\/index.php\/wp-json\/wp\/v2\/types\/post"}],"author":[{"embeddable":true,"href":"https:\/\/cdnoticias.com\/index.php\/wp-json\/wp\/v2\/users\/5"}],"replies":[{"embeddable":true,"href":"https:\/\/cdnoticias.com\/index.php\/wp-json\/wp\/v2\/comments?post=23880"}],"version-history":[{"count":0,"href":"https:\/\/cdnoticias.com\/index.php\/wp-json\/wp\/v2\/posts\/23880\/revisions"}],"wp:featuredmedia":[{"embeddable":true,"href":"https:\/\/cdnoticias.com\/index.php\/wp-json\/wp\/v2\/media\/13336"}],"wp:attachment":[{"href":"https:\/\/cdnoticias.com\/index.php\/wp-json\/wp\/v2\/media?parent=23880"}],"wp:term":[{"taxonomy":"category","embeddable":true,"href":"https:\/\/cdnoticias.com\/index.php\/wp-json\/wp\/v2\/categories?post=23880"},{"taxonomy":"post_tag","embeddable":true,"href":"https:\/\/cdnoticias.com\/index.php\/wp-json\/wp\/v2\/tags?post=23880"}],"curies":[{"name":"wp","href":"https:\/\/api.w.org\/{rel}","templated":true}]}}