{"id":23878,"date":"2021-06-13T18:10:01","date_gmt":"2021-06-13T21:10:01","guid":{"rendered":"http:\/\/www.centraldenoticias.com.ar\/?p=23878"},"modified":"2021-06-13T18:10:01","modified_gmt":"2021-06-13T21:10:01","slug":"juntos-por-el-cambio-pidio-al-gobernador-el-regreso-a-la-presencialidad-en-toda-la-provincia","status":"publish","type":"post","link":"https:\/\/cdnoticias.com\/index.php\/2021\/06\/13\/juntos-por-el-cambio-pidio-al-gobernador-el-regreso-a-la-presencialidad-en-toda-la-provincia\/","title":{"rendered":"Juntos por el Cambio pidi\u00f3 al gobernador el regreso a la presencialidad \u201cen toda la Provincia\u201d"},"content":{"rendered":"<p>Emiti\u00f3 un comunicado pidiendo por el regreso a clases tras el anuncio del gobernador Kicillof del regreso a clases en distritos del conurbano.<!--more--><\/p>\n<hr \/>\n<p><strong>Juntos por el Cambio (JxC) sali\u00f3 este domingo a pedir por el regreso de la presencialidad en \u201ctodas las escuelas de la provincia\u201d,<\/strong> tras el anuncio hecho por el gobernador Axel Kicillof del retorno de estudiantes a los establecimientos educativos del conurbano bonaerense.<\/p>\n<p>&nbsp;<\/p>\n<blockquote><p>Cabe se\u00f1alar que tras el pase a fase tres del AMBA a partir del mi\u00e9rcoles, a\u00fan quedan 72 Partidos bonaerenses que a\u00fan no pueden retornar a clases dado que se encuentran en una fase m\u00e1s restrictiva.<\/p><\/blockquote>\n<p>&nbsp;<\/p>\n<p><strong>El anuncio gener\u00f3 rechazo entre intendentes de la oposici\u00f3n<\/strong>, quienes replicaron a trav\u00e9s de las redes sociales un comunicado que sostiene que esa decisi\u00f3n se tom\u00f3 \u201c<em>usando criterios arbitrarios seg\u00fan la conveniencia del partido gobernante\u201d<\/em> ya que deja de lado a<em><strong> \u201calgunos bonaerenses que \u2018casualmente\u2019 viven en municipios mayoritariamente gobernados por JxC\u201d.<\/strong><\/em><\/p>\n<p>&nbsp;<\/p>\n<blockquote><p>\u201cExigimos al Gobernador y a su gabinete que abandonen la improvisaci\u00f3n en materia educativa porque la \u00fanica manera de tener una provincia justa e igualitaria es garantizando los mismos derechos a todos los bonaerenses. Todas las escuelas tienen que estar abiertas\u201d, advirtieron desde JxC.<\/p><\/blockquote>\n<p>&nbsp;<\/p>\n<p>El comunicado fue compartido por Pablo Petrecca (Jun\u00edn), Mart\u00edn Yeza (Pinamar), Jorge Macri (Vicente L\u00f3pez) y por distintos dirigentes locales, provinciales y nacionales.<\/p>\n<p>&nbsp;<\/p>\n<p>Asimismo, otros jefes comunales de JxC salieron a manifestar su descontento con diferentes mensajes.<strong> Guillermo Montenegro, de General Pueyrredon (Mar del Plata), habl\u00f3 de \u201cdiscriminaci\u00f3n\u201d por parte de la administraci\u00f3n provincial.<\/strong><\/p>\n<p>&nbsp;<\/p>\n<p><em>\u201cOtros distritos de la Provincia en los que est\u00e1n habilitadas las clases no tienen los n\u00fameros que tiene hoy nuestra ciudad. Lo que est\u00e1 claro, y esto no es una cuesti\u00f3n pol\u00edtica, es que han disminuido los casos en esta \u00faltima semana en un 26% y que nunca llegamos al 70% de ocupaci\u00f3n de camas de terapia intensiva\u201d,<\/em> sostuvo el intendente costero.<\/p>\n<p>&nbsp;<\/p>\n<p><em>Con informaci\u00f3n de DIB<\/em><\/p>\n","protected":false},"excerpt":{"rendered":"<p>Emiti\u00f3 un comunicado pidiendo por el regreso a clases tras el anuncio del gobernador Kicillof del regreso a clases en<\/p>\n","protected":false},"author":5,"featured_media":20804,"comment_status":"closed","ping_status":"closed","sticky":false,"template":"","format":"standard","meta":{"_jetpack_memberships_contains_paid_content":false,"footnotes":""},"categories":[6,1],"tags":[],"class_list":["post-23878","post","type-post","status-publish","format-standard","has-post-thumbnail","hentry","category-nacionales","category-portada"],"jetpack_featured_media_url":"https:\/\/i0.wp.com\/cdnoticias.com\/wp-content\/uploads\/2021\/05\/udocba-clases.jpg?fit=1200%2C675&ssl=1","jetpack_sharing_enabled":true,"_links":{"self":[{"href":"https:\/\/cdnoticias.com\/index.php\/wp-json\/wp\/v2\/posts\/23878","targetHints":{"allow":["GET"]}}],"collection":[{"href":"https:\/\/cdnoticias.com\/index.php\/wp-json\/wp\/v2\/posts"}],"about":[{"href":"https:\/\/cdnoticias.com\/index.php\/wp-json\/wp\/v2\/types\/post"}],"author":[{"embeddable":true,"href":"https:\/\/cdnoticias.com\/index.php\/wp-json\/wp\/v2\/users\/5"}],"replies":[{"embeddable":true,"href":"https:\/\/cdnoticias.com\/index.php\/wp-json\/wp\/v2\/comments?post=23878"}],"version-history":[{"count":0,"href":"https:\/\/cdnoticias.com\/index.php\/wp-json\/wp\/v2\/posts\/23878\/revisions"}],"wp:featuredmedia":[{"embeddable":true,"href":"https:\/\/cdnoticias.com\/index.php\/wp-json\/wp\/v2\/media\/20804"}],"wp:attachment":[{"href":"https:\/\/cdnoticias.com\/index.php\/wp-json\/wp\/v2\/media?parent=23878"}],"wp:term":[{"taxonomy":"category","embeddable":true,"href":"https:\/\/cdnoticias.com\/index.php\/wp-json\/wp\/v2\/categories?post=23878"},{"taxonomy":"post_tag","embeddable":true,"href":"https:\/\/cdnoticias.com\/index.php\/wp-json\/wp\/v2\/tags?post=23878"}],"curies":[{"name":"wp","href":"https:\/\/api.w.org\/{rel}","templated":true}]}}