{"id":23862,"date":"2021-06-13T19:28:51","date_gmt":"2021-06-13T22:28:51","guid":{"rendered":"http:\/\/www.centraldenoticias.com.ar\/?p=23862"},"modified":"2021-06-14T08:31:21","modified_gmt":"2021-06-14T11:31:21","slug":"el-fin-del-talle-unico-los-alcances-de-la-ley-de-talles","status":"publish","type":"post","link":"https:\/\/cdnoticias.com\/index.php\/2021\/06\/13\/el-fin-del-talle-unico-los-alcances-de-la-ley-de-talles\/","title":{"rendered":"El fin del talle \u00fanico: los alcances de la Ley de Talles"},"content":{"rendered":"<p>La norma contempla un sistema \u00fanico normalizado de identificaci\u00f3n de talles de indumentaria y rige para quienes comercializan vestimenta nacional o importada. Los detalles de la Ley y la opini\u00f3n de Victoria Altavista, una activista local.<!--more--><\/p>\n<hr \/>\n<p><em>Por Yesica Guevara de la redacci\u00f3n de Central de Noticias\u00a0<\/em><\/p>\n<p>&nbsp;<\/p>\n<p>El pasado mi\u00e9rcoles el Gobierno finalmente reglament\u00f3 a trav\u00e9s de un decreto, la Ley de Talles que establece un <strong>sistema \u00fanico de identificaci\u00f3n de talles de indumentaria (SUNITI)<\/strong> en todo el pa\u00eds. Deber\u00e1 ser implementado para la <strong>totalidad de la indumentaria, incluido calzado y uniformes de trabajo.<\/strong><\/p>\n<p>&nbsp;<\/p>\n<p>El Poder Ejecutivo determin\u00f3 que <em>&#8220;ser\u00e1 considerado acto discriminatorio cualquier pr\u00e1ctica abusiva, vejatoria o estigmatizante referida al aspecto f\u00edsico, g\u00e9nero, orientaci\u00f3n sexual, identidad de g\u00e9nero u otra caracter\u00edstica de las consumidoras y los consumidores&#8221;.<\/em><\/p>\n<p>&nbsp;<\/p>\n<p>Esta normativa establece que la totalidad de la indumentaria destinada a la poblaci\u00f3n a partir de los 12 a\u00f1os de edad <strong>deber\u00e1 ser fabricada, confeccionada y comercializada de conformidad con dicho sistema, cuyos talles estar\u00e1n estandarizados seg\u00fan las medidas corporales de la poblaci\u00f3n argentina<\/strong>, surgidas de un estudio antropom\u00e9trico.<\/p>\n<p>&nbsp;<\/p>\n<p><img data-recalc-dims=\"1\" loading=\"lazy\" decoding=\"async\" class=\"alignnone size-medium wp-image-23864\" src=\"https:\/\/i0.wp.com\/cdnoticias.com\/wp-content\/uploads\/2021\/06\/leydetalles01.png?resize=300%2C300&#038;ssl=1\" alt=\"\" width=\"300\" height=\"300\" srcset=\"https:\/\/i0.wp.com\/cdnoticias.com\/wp-content\/uploads\/2021\/06\/leydetalles01.png?resize=300%2C300&amp;ssl=1 300w, https:\/\/i0.wp.com\/cdnoticias.com\/wp-content\/uploads\/2021\/06\/leydetalles01.png?resize=150%2C150&amp;ssl=1 150w, https:\/\/i0.wp.com\/cdnoticias.com\/wp-content\/uploads\/2021\/06\/leydetalles01.png?resize=768%2C768&amp;ssl=1 768w, https:\/\/i0.wp.com\/cdnoticias.com\/wp-content\/uploads\/2021\/06\/leydetalles01.png?resize=1024%2C1024&amp;ssl=1 1024w, https:\/\/i0.wp.com\/cdnoticias.com\/wp-content\/uploads\/2021\/06\/leydetalles01.png?w=1080&amp;ssl=1 1080w\" sizes=\"auto, (max-width: 300px) 100vw, 300px\" \/>\u00a0 \u00a0\u00a0\u00a0<img data-recalc-dims=\"1\" loading=\"lazy\" decoding=\"async\" class=\"alignnone size-medium wp-image-23865\" src=\"https:\/\/i0.wp.com\/cdnoticias.com\/wp-content\/uploads\/2021\/06\/leydetalles02.png?resize=300%2C300&#038;ssl=1\" alt=\"\" width=\"300\" height=\"300\" srcset=\"https:\/\/i0.wp.com\/cdnoticias.com\/wp-content\/uploads\/2021\/06\/leydetalles02.png?resize=300%2C300&amp;ssl=1 300w, https:\/\/i0.wp.com\/cdnoticias.com\/wp-content\/uploads\/2021\/06\/leydetalles02.png?resize=150%2C150&amp;ssl=1 150w, https:\/\/i0.wp.com\/cdnoticias.com\/wp-content\/uploads\/2021\/06\/leydetalles02.png?resize=768%2C768&amp;ssl=1 768w, https:\/\/i0.wp.com\/cdnoticias.com\/wp-content\/uploads\/2021\/06\/leydetalles02.png?resize=1024%2C1024&amp;ssl=1 1024w, https:\/\/i0.wp.com\/cdnoticias.com\/wp-content\/uploads\/2021\/06\/leydetalles02.png?w=1080&amp;ssl=1 1080w\" sizes=\"auto, (max-width: 300px) 100vw, 300px\" \/><\/p>\n<p>&nbsp;<\/p>\n<p>Las medidas corporales estandarizadas se establecer\u00e1n a partir del estudio que estar\u00e1 a cargo del<strong> Instituto Nacional de Tecnolog\u00eda Industrial (INTI), con un plazo establecido para su realizaci\u00f3n de 240 d\u00edas.<\/strong><\/p>\n<p>&nbsp;<\/p>\n<p>Es importante indicar que <strong>la ley no exige a comerciantes, fabricantes e importadores de indumentaria tengan en venta una cantidad m\u00ednima de talles.<\/strong> Solo les exige adecuarse a la tabla brindada por el SUNITI.<\/p>\n<p>&nbsp;<\/p>\n<p><img data-recalc-dims=\"1\" loading=\"lazy\" decoding=\"async\" class=\"alignnone size-medium wp-image-23866\" src=\"https:\/\/i0.wp.com\/cdnoticias.com\/wp-content\/uploads\/2021\/06\/leydetalles03.png?resize=300%2C300&#038;ssl=1\" alt=\"\" width=\"300\" height=\"300\" srcset=\"https:\/\/i0.wp.com\/cdnoticias.com\/wp-content\/uploads\/2021\/06\/leydetalles03.png?resize=300%2C300&amp;ssl=1 300w, https:\/\/i0.wp.com\/cdnoticias.com\/wp-content\/uploads\/2021\/06\/leydetalles03.png?resize=150%2C150&amp;ssl=1 150w, https:\/\/i0.wp.com\/cdnoticias.com\/wp-content\/uploads\/2021\/06\/leydetalles03.png?resize=768%2C768&amp;ssl=1 768w, https:\/\/i0.wp.com\/cdnoticias.com\/wp-content\/uploads\/2021\/06\/leydetalles03.png?resize=1024%2C1024&amp;ssl=1 1024w, https:\/\/i0.wp.com\/cdnoticias.com\/wp-content\/uploads\/2021\/06\/leydetalles03.png?w=1080&amp;ssl=1 1080w\" sizes=\"auto, (max-width: 300px) 100vw, 300px\" \/>\u00a0 \u00a0\u00a0<img data-recalc-dims=\"1\" loading=\"lazy\" decoding=\"async\" class=\"alignnone size-medium wp-image-23867\" src=\"https:\/\/i0.wp.com\/cdnoticias.com\/wp-content\/uploads\/2021\/06\/leydetalles04.png?resize=300%2C300&#038;ssl=1\" alt=\"\" width=\"300\" height=\"300\" srcset=\"https:\/\/i0.wp.com\/cdnoticias.com\/wp-content\/uploads\/2021\/06\/leydetalles04.png?resize=300%2C300&amp;ssl=1 300w, https:\/\/i0.wp.com\/cdnoticias.com\/wp-content\/uploads\/2021\/06\/leydetalles04.png?resize=150%2C150&amp;ssl=1 150w, https:\/\/i0.wp.com\/cdnoticias.com\/wp-content\/uploads\/2021\/06\/leydetalles04.png?resize=768%2C768&amp;ssl=1 768w, https:\/\/i0.wp.com\/cdnoticias.com\/wp-content\/uploads\/2021\/06\/leydetalles04.png?resize=1024%2C1024&amp;ssl=1 1024w, https:\/\/i0.wp.com\/cdnoticias.com\/wp-content\/uploads\/2021\/06\/leydetalles04.png?w=1080&amp;ssl=1 1080w\" sizes=\"auto, (max-width: 300px) 100vw, 300px\" \/><\/p>\n<p>&nbsp;<\/p>\n<p>Adem\u00e1s, <strong>se excluy\u00f3<\/strong> la indumentaria denominada de alta costura o de dise\u00f1o de autor; las prendas confeccionadas a medida y, en general, aquellas que se hayan realizado de manera personalizada a pedido de consumidoras y consumidores; los accesorios de vestir (corbatas, bufandas, pa\u00f1uelos, medias, guantes y sombreros, entre otros) y los implementos destinados a la protecci\u00f3n personal en tareas laborales.<\/p>\n<p>&nbsp;<\/p>\n<p><img data-recalc-dims=\"1\" loading=\"lazy\" decoding=\"async\" class=\"alignnone size-medium wp-image-23868\" src=\"https:\/\/i0.wp.com\/cdnoticias.com\/wp-content\/uploads\/2021\/06\/leydetalles05.png?resize=300%2C300&#038;ssl=1\" alt=\"\" width=\"300\" height=\"300\" srcset=\"https:\/\/i0.wp.com\/cdnoticias.com\/wp-content\/uploads\/2021\/06\/leydetalles05.png?resize=300%2C300&amp;ssl=1 300w, https:\/\/i0.wp.com\/cdnoticias.com\/wp-content\/uploads\/2021\/06\/leydetalles05.png?resize=150%2C150&amp;ssl=1 150w, https:\/\/i0.wp.com\/cdnoticias.com\/wp-content\/uploads\/2021\/06\/leydetalles05.png?resize=768%2C768&amp;ssl=1 768w, https:\/\/i0.wp.com\/cdnoticias.com\/wp-content\/uploads\/2021\/06\/leydetalles05.png?resize=1024%2C1024&amp;ssl=1 1024w, https:\/\/i0.wp.com\/cdnoticias.com\/wp-content\/uploads\/2021\/06\/leydetalles05.png?w=1080&amp;ssl=1 1080w\" sizes=\"auto, (max-width: 300px) 100vw, 300px\" \/><\/p>\n<p>&nbsp;<\/p>\n<p><b>En defensa del cuerpo real<\/b><\/p>\n<p>&nbsp;<\/p>\n<p>Tiempo atr\u00e1s, Victoria Altavista realiz\u00f3 junto a un grupo de activistas locales y una tienda de indumentaria una <a href=\"https:\/\/cdnoticias.com\/index.php\/2021\/01\/15\/madame-lu-la-belleza-viene-en-todos-los-talles\/\" target=\"_blank\" rel=\"noopener\">campa\u00f1a para exigir el fin del talle \u00fanico y visibilizar la problem\u00e1tica.<\/a> En di\u00e1logo con Central de Noticias celebr\u00f3 la reglamentaci\u00f3n de la ley que fuera sancionada hace un a\u00f1o y medio por el Congreso Nacional.<\/p>\n<p>&nbsp;<\/p>\n<p>Para Victoria, significa <strong><em>\u201cun paso m\u00e1s para terminar con la discriminaci\u00f3n sobre los cuerpos y las cuerpas disidentes\u201d.<\/em><\/strong> Reconoci\u00f3 que<em> \u201chay un cambio important\u00edsimo a nivel sociedad\u201d<\/em> aunque a\u00fan falta recorrer mucho camino: <strong><em>\u201cHay que seguir avanzando por m\u00e1s derechos. La lucha va a ser larga pero los cambios se est\u00e1n dando\u201d.<\/em><\/strong><\/p>\n<p>&nbsp;<\/p>\n<p><img data-recalc-dims=\"1\" loading=\"lazy\" decoding=\"async\" class=\"alignnone size-full wp-image-11508\" src=\"https:\/\/i0.wp.com\/cdnoticias.com\/wp-content\/uploads\/2021\/01\/madamelu1.jpg?resize=800%2C557&#038;ssl=1\" alt=\"\" width=\"800\" height=\"557\" srcset=\"https:\/\/i0.wp.com\/cdnoticias.com\/wp-content\/uploads\/2021\/01\/madamelu1.jpg?w=1000&amp;ssl=1 1000w, https:\/\/i0.wp.com\/cdnoticias.com\/wp-content\/uploads\/2021\/01\/madamelu1.jpg?resize=300%2C209&amp;ssl=1 300w, https:\/\/i0.wp.com\/cdnoticias.com\/wp-content\/uploads\/2021\/01\/madamelu1.jpg?resize=768%2C535&amp;ssl=1 768w, https:\/\/i0.wp.com\/cdnoticias.com\/wp-content\/uploads\/2021\/01\/madamelu1.jpg?resize=392%2C272&amp;ssl=1 392w, https:\/\/i0.wp.com\/cdnoticias.com\/wp-content\/uploads\/2021\/01\/madamelu1.jpg?resize=130%2C90&amp;ssl=1 130w\" sizes=\"auto, (max-width: 800px) 100vw, 800px\" \/><\/p>\n<p>&nbsp;<\/p>\n<p>A partir de la campa\u00f1a que realiz\u00f3, recibi\u00f3 mensajes de muchas personas que le contaron la experiencia de entrar en una tienda <em>\u201cy salir llorando porque no encontr\u00e1s ropa\u201d.<\/em><\/p>\n<p>&nbsp;<\/p>\n<p>Victoria se pregunt\u00f3<em> \u201c<strong>\u00bfQu\u00e9 es el talle \u00fanico?<\/strong> Mi cuerpo no es igual a de otras personas. Muchas veces, por eso, sent\u00eds que tu cuerpo no encaja en la sociedad. Tiene que desaparecer la discriminaci\u00f3n y la falta de respeto hacia los otros y otras\u201d<\/em>, concluy\u00f3.<\/p>\n<p>&nbsp;<\/p>\n<p>&nbsp;<\/p>\n","protected":false},"excerpt":{"rendered":"<p>La norma contempla un sistema \u00fanico normalizado de identificaci\u00f3n de talles de indumentaria y rige para quienes comercializan vestimenta nacional<\/p>\n","protected":false},"author":5,"featured_media":11509,"comment_status":"closed","ping_status":"closed","sticky":false,"template":"","format":"standard","meta":{"_jetpack_memberships_contains_paid_content":false,"footnotes":""},"categories":[5,1],"tags":[],"class_list":["post-23862","post","type-post","status-publish","format-standard","has-post-thumbnail","hentry","category-informacion-general","category-portada"],"jetpack_featured_media_url":"https:\/\/i0.wp.com\/cdnoticias.com\/wp-content\/uploads\/2021\/01\/madamelu2.jpg?fit=1000%2C636&ssl=1","jetpack_sharing_enabled":true,"_links":{"self":[{"href":"https:\/\/cdnoticias.com\/index.php\/wp-json\/wp\/v2\/posts\/23862","targetHints":{"allow":["GET"]}}],"collection":[{"href":"https:\/\/cdnoticias.com\/index.php\/wp-json\/wp\/v2\/posts"}],"about":[{"href":"https:\/\/cdnoticias.com\/index.php\/wp-json\/wp\/v2\/types\/post"}],"author":[{"embeddable":true,"href":"https:\/\/cdnoticias.com\/index.php\/wp-json\/wp\/v2\/users\/5"}],"replies":[{"embeddable":true,"href":"https:\/\/cdnoticias.com\/index.php\/wp-json\/wp\/v2\/comments?post=23862"}],"version-history":[{"count":0,"href":"https:\/\/cdnoticias.com\/index.php\/wp-json\/wp\/v2\/posts\/23862\/revisions"}],"wp:featuredmedia":[{"embeddable":true,"href":"https:\/\/cdnoticias.com\/index.php\/wp-json\/wp\/v2\/media\/11509"}],"wp:attachment":[{"href":"https:\/\/cdnoticias.com\/index.php\/wp-json\/wp\/v2\/media?parent=23862"}],"wp:term":[{"taxonomy":"category","embeddable":true,"href":"https:\/\/cdnoticias.com\/index.php\/wp-json\/wp\/v2\/categories?post=23862"},{"taxonomy":"post_tag","embeddable":true,"href":"https:\/\/cdnoticias.com\/index.php\/wp-json\/wp\/v2\/tags?post=23862"}],"curies":[{"name":"wp","href":"https:\/\/api.w.org\/{rel}","templated":true}]}}