{"id":23813,"date":"2021-06-12T14:58:58","date_gmt":"2021-06-12T17:58:58","guid":{"rendered":"http:\/\/www.centraldenoticias.com.ar\/?p=23813"},"modified":"2021-06-12T14:58:58","modified_gmt":"2021-06-12T17:58:58","slug":"destacan-la-realizacion-de-la-campana-de-salud-del-adulto","status":"publish","type":"post","link":"https:\/\/cdnoticias.com\/index.php\/2021\/06\/12\/destacan-la-realizacion-de-la-campana-de-salud-del-adulto\/","title":{"rendered":"Destacan la realizaci\u00f3n de la Campa\u00f1a de Salud del Adulto"},"content":{"rendered":"<p>La propuesta se desarroll\u00f3 en Centros de Atenci\u00f3n Primaria de Olavarr\u00eda y la zona serrana. Durante dos semanas se concretaron distintos controles de salud.<!--more--><\/p>\n<hr \/>\n<p>El Municipio llev\u00f3 adelante la Campa\u00f1a de Salud del Adulto, que inici\u00f3 con una actividad de promoci\u00f3n en la Plaza Central y en los Caps del casco urbano de Olavarr\u00eda, como as\u00ed tambi\u00e9n en Loma Negra y Sierra Chica. <strong>En esa primera semana, fueron m\u00e1s de 500 personas las que pudieron realizarse su control de salud programado.<\/strong><\/p>\n<p>&nbsp;<\/p>\n<p>Como actividad especial, <strong>el s\u00e1bado 5 se realizaron m\u00e1s de 30 ecograf\u00edas<\/strong> (a cargo del equipo que encabeza la Dra. Sal\u00edas de residencia de diagn\u00f3stico por im\u00e1genes del Hospital Municipal) en el Servicio Territorial Municipal N\u00b04.<\/p>\n<p>&nbsp;<\/p>\n<p>Adem\u00e1s, all\u00ed, un importante n\u00famero de personas particip\u00f3 de los talleres de cesaci\u00f3n tab\u00e1quica de la Dra. \u00c1lvarez. Asimismo, en el Servicio Territorial Municipal N\u00b06, unas <strong>35 personas realizaron su consulta con el cardi\u00f3logo del servicio de cardiolog\u00eda \u2013 a cargo de la Dra. Zeberio \u2013 del Hospital y la Residencia.<\/strong><\/p>\n<p>&nbsp;<\/p>\n<p><img data-recalc-dims=\"1\" loading=\"lazy\" decoding=\"async\" class=\"alignnone size-full wp-image-23815\" src=\"https:\/\/i0.wp.com\/cdnoticias.com\/wp-content\/uploads\/2021\/06\/Salud-Campana-Salud-del-Adulto-5.jpeg?resize=800%2C617&#038;ssl=1\" alt=\"\" width=\"800\" height=\"617\" srcset=\"https:\/\/i0.wp.com\/cdnoticias.com\/wp-content\/uploads\/2021\/06\/Salud-Campana-Salud-del-Adulto-5.jpeg?w=958&amp;ssl=1 958w, https:\/\/i0.wp.com\/cdnoticias.com\/wp-content\/uploads\/2021\/06\/Salud-Campana-Salud-del-Adulto-5.jpeg?resize=300%2C231&amp;ssl=1 300w, https:\/\/i0.wp.com\/cdnoticias.com\/wp-content\/uploads\/2021\/06\/Salud-Campana-Salud-del-Adulto-5.jpeg?resize=768%2C592&amp;ssl=1 768w\" sizes=\"auto, (max-width: 800px) 100vw, 800px\" \/><\/p>\n<p>&nbsp;<\/p>\n<p>En esta segunda semana, en los Centros de Atenci\u00f3n de <strong>Sierras Bayas, Colonia Hinojo e Hinojo<\/strong>, con el equipo de residencia de medicina general se atendieron m\u00e1s de 25 consultas.<\/p>\n<p>&nbsp;<\/p>\n<p>De la Campa\u00f1a de Salud del Adulto participaron m\u00e9dicos\/as generalistas, equipo de Atenci\u00f3n Primaria de la Salud, nutricionistas, odont\u00f3logos, trabajadoras sociales, adem\u00e1s de Residencias de medicina general, cardiolog\u00eda e im\u00e1genes; estudiantes de enfermer\u00eda y residencia de enfermer\u00eda comunitaria.<\/p>\n","protected":false},"excerpt":{"rendered":"<p>La propuesta se desarroll\u00f3 en Centros de Atenci\u00f3n Primaria de Olavarr\u00eda y la zona serrana. Durante dos semanas se concretaron<\/p>\n","protected":false},"author":5,"featured_media":23814,"comment_status":"closed","ping_status":"closed","sticky":false,"template":"","format":"standard","meta":{"_jetpack_memberships_contains_paid_content":false,"footnotes":""},"categories":[5,1],"tags":[],"class_list":["post-23813","post","type-post","status-publish","format-standard","has-post-thumbnail","hentry","category-informacion-general","category-portada"],"jetpack_featured_media_url":"https:\/\/i0.wp.com\/cdnoticias.com\/wp-content\/uploads\/2021\/06\/Salud-Campana-Salud-del-Adulto-4.jpeg?fit=1280%2C958&ssl=1","jetpack_sharing_enabled":true,"_links":{"self":[{"href":"https:\/\/cdnoticias.com\/index.php\/wp-json\/wp\/v2\/posts\/23813","targetHints":{"allow":["GET"]}}],"collection":[{"href":"https:\/\/cdnoticias.com\/index.php\/wp-json\/wp\/v2\/posts"}],"about":[{"href":"https:\/\/cdnoticias.com\/index.php\/wp-json\/wp\/v2\/types\/post"}],"author":[{"embeddable":true,"href":"https:\/\/cdnoticias.com\/index.php\/wp-json\/wp\/v2\/users\/5"}],"replies":[{"embeddable":true,"href":"https:\/\/cdnoticias.com\/index.php\/wp-json\/wp\/v2\/comments?post=23813"}],"version-history":[{"count":0,"href":"https:\/\/cdnoticias.com\/index.php\/wp-json\/wp\/v2\/posts\/23813\/revisions"}],"wp:featuredmedia":[{"embeddable":true,"href":"https:\/\/cdnoticias.com\/index.php\/wp-json\/wp\/v2\/media\/23814"}],"wp:attachment":[{"href":"https:\/\/cdnoticias.com\/index.php\/wp-json\/wp\/v2\/media?parent=23813"}],"wp:term":[{"taxonomy":"category","embeddable":true,"href":"https:\/\/cdnoticias.com\/index.php\/wp-json\/wp\/v2\/categories?post=23813"},{"taxonomy":"post_tag","embeddable":true,"href":"https:\/\/cdnoticias.com\/index.php\/wp-json\/wp\/v2\/tags?post=23813"}],"curies":[{"name":"wp","href":"https:\/\/api.w.org\/{rel}","templated":true}]}}