{"id":2379,"date":"2020-09-24T18:51:13","date_gmt":"2020-09-24T21:51:13","guid":{"rendered":"http:\/\/www.centraldenoticias.com.ar\/?p=2379"},"modified":"2020-09-24T18:51:13","modified_gmt":"2020-09-24T21:51:13","slug":"convocan-este-viernes-a-una-huelga-mundial-por-el-clima","status":"publish","type":"post","link":"https:\/\/cdnoticias.com\/index.php\/2020\/09\/24\/convocan-este-viernes-a-una-huelga-mundial-por-el-clima\/","title":{"rendered":"Convocan este viernes a una \u201chuelga mundial por el clima\u201d"},"content":{"rendered":"<p>En nuestra ciudad tendr\u00e1 como escenario el paseo Jes\u00fas Mend\u00eda. Del evento ser\u00e1n parte distintas organizaciones y activistas ambientales.<\/p>\n<hr \/>\n<p>&nbsp;<\/p>\n<p><strong>Este viernes desde las 17 se llevar\u00e1 a cabo en el centro local una concentraci\u00f3n en el marco de la \u201cHuelga Mundial por el Clima\u201d<\/strong>. \u201cSaldremos a la calle en todo el mundo contra las consecuencias devastadoras de la depredaci\u00f3n ambiental capitalista\u201d, enfatizaron los organizadores de la manifestaci\u00f3n.<\/p>\n<p>&nbsp;<\/p>\n<p><strong>Todo tendr\u00e1 como punto de encuentro el paseo Jes\u00fas Mend\u00eda, frente a la plaza Coronel Olavarr\u00eda<\/strong>. La convocatoria es llevada a cabo desde la <strong>Asamblea por el Ambiente, constituida por las agrupaciones Tribuna Ambiental Olavarr\u00eda, Olavarr\u00eda Verde, Cooperativa de Comercializaci\u00f3n Pueblo a Pueblo y activistas ambientales.<\/strong><\/p>\n<p>&nbsp;<\/p>\n<p><strong>\u201cNos sobran los motivos en nuestro pa\u00eds, que se suman a los reclamos planetarios contra el cambio clim\u00e1tico\u201d<\/strong>, se narr\u00f3 a medida que se enumeraron reclamos tales como el rechazo al acuerdo porcino con China y la denuncia por las quemas en humedales y bosques.<\/p>\n<p>&nbsp;<\/p>\n<p>A la par, se expres\u00f3 que <strong>\u201cla g\u00e9nesis de las convocatorias internacionales se remonta al movimiento estudiantil que lider\u00f3 en Suecia la estudiante secundaria Greta Thumberg, unos a\u00f1os atr\u00e1s.<\/strong> Los d\u00edas viernes de cada semana faltaban a clases para manifestarse frente al Parlamento sueco. Fueron sum\u00e1ndose m\u00e1s y m\u00e1s adeptos, hasta que se decidi\u00f3 realizar la primera Huelga Mundial por el Clima el 15 de marzo del 2019\u201d. Vale recordar que de esa convocatoria tomaron parte un mill\u00f3n seiscientos mil j\u00f3venes se movilizaron en todo el mundo, entre ellos m\u00e1s de 5.000 frente al Congreso Nacional en Buenos Aires.<\/p>\n<p>&nbsp;<\/p>\n<p>Los organizadores de la convocatoria de este viernes enfatizaron que \u201cen nuestro pa\u00eds las emisiones de gases de efecto invernadero que provocan el cambio clim\u00e1tico provienen de la producci\u00f3n de energ\u00eda en un 54%, el cambio de uso del suelo (agricultura, ganader\u00eda y silvicultura) en un 39%, los residuos en un 4% y los procesos industriales en otro 4%. <strong>Sin lugar a dudas este 2020, producto de la deforestaci\u00f3n a mansalva producida en todo el territorio y de las quemas simult\u00e1neas en 15 provincias se incrementar\u00e1 las emisiones de di\u00f3xido de carbono, del mismo modo que en Australia el a\u00f1o pasado y en Brasil donde los incendios fueron una constante\u201d.<\/strong><\/p>\n<p>&nbsp;<\/p>\n<p><strong>\u201cEl gobierno de Alberto Fern\u00e1ndez profundiza la depredaci\u00f3n ambiental para garantizar los d\u00f3lares para el pago de la deuda externa<\/strong>. Muestra de ello es el intento de asociarse con China para instalar granjas industriales de cerdos que ser\u00e1n un factor de nuevas epidemias, maltrato animal y presionar\u00e1n para expandir a\u00fan m\u00e1s la frontera agraria a costa del humedales y bosques. Lo mismo vale para la pol\u00edtica frente a la cuesti\u00f3n minera, los desmontes que persisten y el uso indiscriminado de agrot\u00f3xicos\u201d, se a\u00f1adi\u00f3.<\/p>\n<p>&nbsp;<\/p>\n<p>Por \u00faltimo se expres\u00f3 que <strong>\u201cel 25S nos movilizaremos siguiendo el camino de las grandes puebladas en defensa del ambiente<\/strong>, como la de Mendoza que derrot\u00f3 el intento de avanzar en la megaminer\u00eda del cianuro, del pueblo de Rosario que gan\u00f3 las calles, las rutas y puentes para exigir el cese de la quema criminal. Invitamos a toda la ciudadan\u00eda consciente que defiende el ambiente a sumarse respetando el distanciamiento social, el uso de barbijo y todos los cuidados preventivos\u201d.<\/p>\n<p>&nbsp;<\/p>\n","protected":false},"excerpt":{"rendered":"<p>En nuestra ciudad tendr\u00e1 como escenario el paseo Jes\u00fas Mend\u00eda. Del evento ser\u00e1n parte distintas organizaciones y activistas ambientales. &nbsp;<\/p>\n","protected":false},"author":3,"featured_media":2382,"comment_status":"closed","ping_status":"closed","sticky":false,"template":"","format":"standard","meta":{"_jetpack_memberships_contains_paid_content":false,"footnotes":""},"categories":[5,1],"tags":[],"class_list":["post-2379","post","type-post","status-publish","format-standard","has-post-thumbnail","hentry","category-informacion-general","category-portada"],"jetpack_featured_media_url":"https:\/\/i0.wp.com\/cdnoticias.com\/wp-content\/uploads\/2020\/09\/huelga.jpg?fit=1366%2C768&ssl=1","jetpack_sharing_enabled":true,"_links":{"self":[{"href":"https:\/\/cdnoticias.com\/index.php\/wp-json\/wp\/v2\/posts\/2379","targetHints":{"allow":["GET"]}}],"collection":[{"href":"https:\/\/cdnoticias.com\/index.php\/wp-json\/wp\/v2\/posts"}],"about":[{"href":"https:\/\/cdnoticias.com\/index.php\/wp-json\/wp\/v2\/types\/post"}],"author":[{"embeddable":true,"href":"https:\/\/cdnoticias.com\/index.php\/wp-json\/wp\/v2\/users\/3"}],"replies":[{"embeddable":true,"href":"https:\/\/cdnoticias.com\/index.php\/wp-json\/wp\/v2\/comments?post=2379"}],"version-history":[{"count":0,"href":"https:\/\/cdnoticias.com\/index.php\/wp-json\/wp\/v2\/posts\/2379\/revisions"}],"wp:featuredmedia":[{"embeddable":true,"href":"https:\/\/cdnoticias.com\/index.php\/wp-json\/wp\/v2\/media\/2382"}],"wp:attachment":[{"href":"https:\/\/cdnoticias.com\/index.php\/wp-json\/wp\/v2\/media?parent=2379"}],"wp:term":[{"taxonomy":"category","embeddable":true,"href":"https:\/\/cdnoticias.com\/index.php\/wp-json\/wp\/v2\/categories?post=2379"},{"taxonomy":"post_tag","embeddable":true,"href":"https:\/\/cdnoticias.com\/index.php\/wp-json\/wp\/v2\/tags?post=2379"}],"curies":[{"name":"wp","href":"https:\/\/api.w.org\/{rel}","templated":true}]}}