{"id":23773,"date":"2021-06-12T08:09:27","date_gmt":"2021-06-12T11:09:27","guid":{"rendered":"http:\/\/www.centraldenoticias.com.ar\/?p=23773"},"modified":"2021-06-12T09:58:55","modified_gmt":"2021-06-12T12:58:55","slug":"edificio-de-artes-visuales-la-provincia-realizara-la-obra","status":"publish","type":"post","link":"https:\/\/cdnoticias.com\/index.php\/2021\/06\/12\/edificio-de-artes-visuales-la-provincia-realizara-la-obra\/","title":{"rendered":"Edificio de Artes Visuales: la Provincia realizar\u00e1 la obra"},"content":{"rendered":"<p>As\u00ed fue confirmado por el subsecretario de Miner\u00eda Federico Aguilera. Se trata de una inversi\u00f3n de m\u00e1s de 23 millones de pesos para finalizar la construcci\u00f3n de un espacio ubicado en la Escuela de Educaci\u00f3n Agraria.<\/p>\n<p><!--more--><\/p>\n<hr \/>\n<p>Luego de sostener la demanda por un edificio propio durante a\u00f1os, la Escuela de Artes Visuales \u201cMiguel \u00c1ngel Galgano\u201d se encuentra m\u00e1s cerca de concretar ese pedido. En la \u00faltimas horas, se conoci\u00f3 que<strong> la Provincia llevar\u00e1 adelante la obra para dar respuesta al reclamo hist\u00f3rico de la instituci\u00f3n.<\/strong><\/p>\n<p>&nbsp;<\/p>\n<p>El <strong>subsecretario de Miner\u00eda de la Provincia de Buenos Aires Federico Aguilera,<\/strong> confirm\u00f3 las tareas para la finalizaci\u00f3n del edificio que se encuentra en la Escuela de Educaci\u00f3n Agraria.<\/p>\n<p>&nbsp;<\/p>\n<p><em>\u201cLuego de las gestiones realizadas ante la Subsecretaria de Infraestructura Escolar bonaerense, se confirm\u00f3 la obra para finalizar el #edificio que se encuentra en la Escuela de Educaci\u00f3n Agraria, donde funcionar\u00e1 la Escuela de Artes Visuales \u201cMiguel \u00c1ngel Galgano<\/em>\u201d, se\u00f1al\u00f3 el funcionario.<\/p>\n<p>&nbsp;<\/p>\n<blockquote class=\"twitter-tweet\" data-width=\"550\" data-dnt=\"true\">\n<p lang=\"es\" dir=\"ltr\">Luego de las gestiones realizadas ante la Subsecretaria de Infraestructura Escolar bonaerense, se confirm\u00f3 la obra para finalizar el <a href=\"https:\/\/twitter.com\/hashtag\/edificio?src=hash&amp;ref_src=twsrc%5Etfw\">#edificio<\/a> que se encuentra en la Escuela de Educaci\u00f3n Agraria, donde funcionar\u00e1 la Escuela de Artes Visuales \u201cMiguel \u00c1ngel Galgano\u201d. <a href=\"https:\/\/t.co\/TqIPJkdlyj\">pic.twitter.com\/TqIPJkdlyj<\/a><\/p>\n<p>&mdash; Federico Aguilera (@FedericoAguile5) <a href=\"https:\/\/twitter.com\/FedericoAguile5\/status\/1403487722560540686?ref_src=twsrc%5Etfw\">June 11, 2021<\/a><\/p><\/blockquote>\n<p><script async src=\"https:\/\/platform.twitter.com\/widgets.js\" charset=\"utf-8\"><\/script><\/p>\n<p>&nbsp;<\/p>\n<p>Adem\u00e1s, especific\u00f3 que <strong><em>\u201cel presupuesto es de $23.682.382\u201d<\/em><\/strong> y destac\u00f3 el <em>\u201checho hist\u00f3rico\u201d<\/em> que constituye la realizaci\u00f3n de esta obra de infraestructura.<\/p>\n<p>&nbsp;<\/p>\n<p><img data-recalc-dims=\"1\" loading=\"lazy\" decoding=\"async\" class=\"alignnone size-large wp-image-23775\" src=\"https:\/\/i0.wp.com\/cdnoticias.com\/wp-content\/uploads\/2021\/06\/edificioartesvisuales2.jpg?resize=800%2C530&#038;ssl=1\" alt=\"\" width=\"800\" height=\"530\" srcset=\"https:\/\/i0.wp.com\/cdnoticias.com\/wp-content\/uploads\/2021\/06\/edificioartesvisuales2.jpg?resize=1024%2C678&amp;ssl=1 1024w, https:\/\/i0.wp.com\/cdnoticias.com\/wp-content\/uploads\/2021\/06\/edificioartesvisuales2.jpg?resize=300%2C199&amp;ssl=1 300w, https:\/\/i0.wp.com\/cdnoticias.com\/wp-content\/uploads\/2021\/06\/edificioartesvisuales2.jpg?resize=768%2C509&amp;ssl=1 768w, https:\/\/i0.wp.com\/cdnoticias.com\/wp-content\/uploads\/2021\/06\/edificioartesvisuales2.jpg?w=1232&amp;ssl=1 1232w\" sizes=\"auto, (max-width: 800px) 100vw, 800px\" \/><\/p>\n<p>&nbsp;<\/p>\n<p><strong>El edificio<\/strong><\/p>\n<p>Est\u00e1 ubicado dentro del predio de la Escuela Agropecuaria y fue construido hace m\u00e1s de 10 a\u00f1os por lo que requiere la<strong> realizaci\u00f3n de numerosas obras.<\/strong><\/p>\n<p>&nbsp;<\/p>\n<p>El espacio supo estar proyectado para albergar a otras instituciones, sin embargo nunca se concret\u00f3 la ocupaci\u00f3n.<\/p>\n<p>&nbsp;<\/p>\n<p><em>\u201cEs un espacio con las dimensiones que est\u00e1bamos buscando, un espacio dise\u00f1ado con muy buena iluminaci\u00f3n natural y en un predio que es hermoso rodeado de campos y arboledas\u201d<\/em>,<a href=\"https:\/\/cdnoticias.com\/index.php\/2021\/04\/21\/artes-visuales-la-idea-es-empezar-el-2022-en-el-nuevo-edificio\/?fbclid=IwAR0f1rHnXmWSC7WeZwPOmyiYC5l1LwTkl9Rhmtg_N7RHwBydooA1wBUDSgA#.YIG9JZ2q_KE.facebook\" target=\"_blank\" rel=\"noopener\"> indic\u00f3 a Central de Noticias el director de Artes Visuales.<\/a><\/p>\n<p>&nbsp;<\/p>\n<p><em>\u201c<strong>La idea es empezar el 2022 en el nuevo edificio.<\/strong> Despu\u00e9s de tanto tiempo de lucha y de muchas veces creer que ten\u00edamos que bajar los brazos porque todas las respuestas eran negativas, falta relativamente poco para encontrarnos con nuestro propio edificio\u201d<\/em>, asegur\u00f3 Fabi\u00e1n Iglesias.<\/p>\n","protected":false},"excerpt":{"rendered":"<p>As\u00ed fue confirmado por el subsecretario de Miner\u00eda Federico Aguilera. Se trata de una inversi\u00f3n de m\u00e1s de 23 millones<\/p>\n","protected":false},"author":5,"featured_media":23774,"comment_status":"closed","ping_status":"closed","sticky":false,"template":"","format":"standard","meta":{"_jetpack_memberships_contains_paid_content":false,"footnotes":""},"categories":[5,1],"tags":[],"class_list":["post-23773","post","type-post","status-publish","format-standard","has-post-thumbnail","hentry","category-informacion-general","category-portada"],"jetpack_featured_media_url":"https:\/\/i0.wp.com\/cdnoticias.com\/wp-content\/uploads\/2021\/06\/edificioartesvisuales1.jpg?fit=1232%2C816&ssl=1","jetpack_sharing_enabled":true,"_links":{"self":[{"href":"https:\/\/cdnoticias.com\/index.php\/wp-json\/wp\/v2\/posts\/23773","targetHints":{"allow":["GET"]}}],"collection":[{"href":"https:\/\/cdnoticias.com\/index.php\/wp-json\/wp\/v2\/posts"}],"about":[{"href":"https:\/\/cdnoticias.com\/index.php\/wp-json\/wp\/v2\/types\/post"}],"author":[{"embeddable":true,"href":"https:\/\/cdnoticias.com\/index.php\/wp-json\/wp\/v2\/users\/5"}],"replies":[{"embeddable":true,"href":"https:\/\/cdnoticias.com\/index.php\/wp-json\/wp\/v2\/comments?post=23773"}],"version-history":[{"count":0,"href":"https:\/\/cdnoticias.com\/index.php\/wp-json\/wp\/v2\/posts\/23773\/revisions"}],"wp:featuredmedia":[{"embeddable":true,"href":"https:\/\/cdnoticias.com\/index.php\/wp-json\/wp\/v2\/media\/23774"}],"wp:attachment":[{"href":"https:\/\/cdnoticias.com\/index.php\/wp-json\/wp\/v2\/media?parent=23773"}],"wp:term":[{"taxonomy":"category","embeddable":true,"href":"https:\/\/cdnoticias.com\/index.php\/wp-json\/wp\/v2\/categories?post=23773"},{"taxonomy":"post_tag","embeddable":true,"href":"https:\/\/cdnoticias.com\/index.php\/wp-json\/wp\/v2\/tags?post=23773"}],"curies":[{"name":"wp","href":"https:\/\/api.w.org\/{rel}","templated":true}]}}