{"id":23769,"date":"2021-06-11T21:03:30","date_gmt":"2021-06-12T00:03:30","guid":{"rendered":"http:\/\/www.centraldenoticias.com.ar\/?p=23769"},"modified":"2021-06-11T21:03:30","modified_gmt":"2021-06-12T00:03:30","slug":"detuvieron-a-un-joven-de-25-anos-por-reiterados-hechos-de-violencia-de-genero","status":"publish","type":"post","link":"https:\/\/cdnoticias.com\/index.php\/2021\/06\/11\/detuvieron-a-un-joven-de-25-anos-por-reiterados-hechos-de-violencia-de-genero\/","title":{"rendered":"Detuvieron a un joven de 25 a\u00f1os por reiterados hechos de violencia de g\u00e9nero"},"content":{"rendered":"<p>La medida fue requerida por la fiscal Viviana Beyt\u00eda y acompa\u00f1ada por el juez de Garant\u00edas Carlos Villamar\u00edn.<!--more--><\/p>\n<hr \/>\n<p>En la tarde de este viernes personal de la comisaria Segunda, con la colaboraci\u00f3n de agentes de la comisar\u00eda Primera, lograron llevar adelante la <strong>captura de un joven de 25 a\u00f1os, a quien se le sigue una causa por reiterados hechos de violencia de g\u00e9nero<\/strong>.<\/p>\n<p>&nbsp;<\/p>\n<p>La medida fue requerida por la titular de la UFI 5, la fiscal Viviana Beyt\u00eda, y acompa\u00f1ada por el titular del Juzgado de Garant\u00edas 2, el doctor Carlos Villamar\u00edn. Seg\u00fan logro conocer este portal, <strong>la detenci\u00f3n se concret\u00f3 tras arduas tareas de investigaci\u00f3n que incluyeron labores de encubierto, que permitieron interceptarlo en las inmediaciones del cruce de Berutti y Roque S\u00e1enz Pe\u00f1a<\/strong>.<\/p>\n<p>&nbsp;<\/p>\n<p>Debido a las caracter\u00edsticas particulares de los hechos, al resguardo a la integridad y la intimidad de las v\u00edctimas, en respeto al acuerdo y <a href=\"https:\/\/cdnoticias.com\/index.php\/2021\/03\/26\/compromiso-para-el-tratamiento-responsable-de-las-situaciones-de-violencia-de-genero\/\" target=\"_blank\" rel=\"noopener\">compromiso asumido desde <em><strong>Central de Noticias<\/strong><\/em><\/a> es que no se ventilar\u00e1n mayores precisiones sobre los implicados y los hechos que se le endilgan. Lo que s\u00ed puede darse cuenta es que ahora afronta una imputaci\u00f3n formal por los <strong>delitos de \u201camenazas simples (dos hechos)\u201d, \u201ccoacci\u00f3n simple y desobediencia (tres hechos)\u201d, todo en concurso real de acciones y en un contexto de violencia de g\u00e9nero<\/strong>.<\/p>\n<p>&nbsp;<\/p>\n<p>Tal como se ha explicado en otras ocasiones, es el contexto de los hechos en violencia de g\u00e9nero lo que permite llevar adelante este tipo de medidas, ya que en caso contrario configuran figuras delictivas excarcelables. Por \u00faltimo, se logr\u00f3 conocer que <strong>el acusado ser\u00e1 indagado en la jornada de este s\u00e1bado en la sede judicial local. Mientras tanto permanece alojado en la comisar\u00eda Segunda.<\/strong><\/p>\n","protected":false},"excerpt":{"rendered":"<p>La medida fue requerida por la fiscal Viviana Beyt\u00eda y acompa\u00f1ada por el juez de Garant\u00edas Carlos Villamar\u00edn.<\/p>\n","protected":false},"author":3,"featured_media":23770,"comment_status":"closed","ping_status":"closed","sticky":false,"template":"","format":"standard","meta":{"_jetpack_memberships_contains_paid_content":false,"footnotes":""},"categories":[14,1],"tags":[],"class_list":["post-23769","post","type-post","status-publish","format-standard","has-post-thumbnail","hentry","category-policiales","category-portada"],"jetpack_featured_media_url":"https:\/\/i0.wp.com\/cdnoticias.com\/wp-content\/uploads\/2021\/06\/WhatsApp-Image-2021-06-11-at-20.24.05.jpeg?fit=1238%2C742&ssl=1","jetpack_sharing_enabled":true,"_links":{"self":[{"href":"https:\/\/cdnoticias.com\/index.php\/wp-json\/wp\/v2\/posts\/23769","targetHints":{"allow":["GET"]}}],"collection":[{"href":"https:\/\/cdnoticias.com\/index.php\/wp-json\/wp\/v2\/posts"}],"about":[{"href":"https:\/\/cdnoticias.com\/index.php\/wp-json\/wp\/v2\/types\/post"}],"author":[{"embeddable":true,"href":"https:\/\/cdnoticias.com\/index.php\/wp-json\/wp\/v2\/users\/3"}],"replies":[{"embeddable":true,"href":"https:\/\/cdnoticias.com\/index.php\/wp-json\/wp\/v2\/comments?post=23769"}],"version-history":[{"count":0,"href":"https:\/\/cdnoticias.com\/index.php\/wp-json\/wp\/v2\/posts\/23769\/revisions"}],"wp:featuredmedia":[{"embeddable":true,"href":"https:\/\/cdnoticias.com\/index.php\/wp-json\/wp\/v2\/media\/23770"}],"wp:attachment":[{"href":"https:\/\/cdnoticias.com\/index.php\/wp-json\/wp\/v2\/media?parent=23769"}],"wp:term":[{"taxonomy":"category","embeddable":true,"href":"https:\/\/cdnoticias.com\/index.php\/wp-json\/wp\/v2\/categories?post=23769"},{"taxonomy":"post_tag","embeddable":true,"href":"https:\/\/cdnoticias.com\/index.php\/wp-json\/wp\/v2\/tags?post=23769"}],"curies":[{"name":"wp","href":"https:\/\/api.w.org\/{rel}","templated":true}]}}