{"id":23750,"date":"2021-06-11T18:34:26","date_gmt":"2021-06-11T21:34:26","guid":{"rendered":"http:\/\/www.centraldenoticias.com.ar\/?p=23750"},"modified":"2021-06-11T19:47:49","modified_gmt":"2021-06-11T22:47:49","slug":"en-laprida-murio-otro-paciente-y-ya-son-4-los-decesos-en-lo-que-va-de-junio","status":"publish","type":"post","link":"https:\/\/cdnoticias.com\/index.php\/2021\/06\/11\/en-laprida-murio-otro-paciente-y-ya-son-4-los-decesos-en-lo-que-va-de-junio\/","title":{"rendered":"En Laprida muri\u00f3 otro paciente Covid y ya son 4 los decesos en lo que va de junio"},"content":{"rendered":"<p>El municipio vecino transita uno de los momentos m\u00e1s duros de toda la pandemia. Se trat\u00f3 de un hombre de 51 a\u00f1os.<!--more--><\/p>\n<hr \/>\n<p><strong>Desde el \u00e1rea de Salud de Laprida se confirm\u00f3 que en las \u00faltimas horas se produjo la muerte de otro paciente positivo de Coronavirus<\/strong>. La novedad golpea al vecino municipio tanto por tratarse de un nuevo deceso en pocos d\u00edas, como por la edad de la v\u00edctima.<\/p>\n<p>&nbsp;<\/p>\n<p><strong>Se trat\u00f3 de un hombre de 51 a\u00f1os<\/strong>, que en la jornada del \u00faltimo jueves hab\u00eda sido derivado a la Unidad de Terapia Intensiva del Hospital Municipal Pedro Sancholuz.<\/p>\n<p>&nbsp;<\/p>\n<p><img data-recalc-dims=\"1\" loading=\"lazy\" decoding=\"async\" class=\"alignnone size-full wp-image-2686\" src=\"https:\/\/i0.wp.com\/cdnoticias.com\/wp-content\/uploads\/2020\/09\/hospitalsancholuzdelaprida1-7.jpg?resize=800%2C457&#038;ssl=1\" alt=\"\" width=\"800\" height=\"457\" srcset=\"https:\/\/i0.wp.com\/cdnoticias.com\/wp-content\/uploads\/2020\/09\/hospitalsancholuzdelaprida1-7.jpg?w=920&amp;ssl=1 920w, https:\/\/i0.wp.com\/cdnoticias.com\/wp-content\/uploads\/2020\/09\/hospitalsancholuzdelaprida1-7.jpg?resize=300%2C171&amp;ssl=1 300w, https:\/\/i0.wp.com\/cdnoticias.com\/wp-content\/uploads\/2020\/09\/hospitalsancholuzdelaprida1-7.jpg?resize=768%2C438&amp;ssl=1 768w\" sizes=\"auto, (max-width: 800px) 100vw, 800px\" \/><\/p>\n<p>&nbsp;<\/p>\n<p><strong>El dato preocupante es que se trata de la cuarta muerte que sufre el distrito en lo que va del mes de junio<\/strong>. Los otros casos correspondientes a pacientes de <strong>39, 49 y 64 a\u00f1os<\/strong>. En total son 24 las muertes que se han dado durante toda la pandemia.<\/p>\n<p>&nbsp;<\/p>\n<p>Por \u00faltimo, vale mencionar que <strong>por estas horas son 30 los pacientes que transitan la enfermedad<\/strong>, 4 de los cuales fueron detectados en las \u00faltimas horas.<\/p>\n<p>&nbsp;<\/p>\n<p><em>Fuente Oh Laprida<\/em><\/p>\n","protected":false},"excerpt":{"rendered":"<p>El municipio vecino transita uno de los momentos m\u00e1s duros de toda la pandemia. Se trat\u00f3 de un hombre de<\/p>\n","protected":false},"author":3,"featured_media":540,"comment_status":"closed","ping_status":"closed","sticky":false,"template":"","format":"standard","meta":{"_jetpack_memberships_contains_paid_content":false,"footnotes":""},"categories":[6],"tags":[],"class_list":["post-23750","post","type-post","status-publish","format-standard","has-post-thumbnail","hentry","category-nacionales"],"jetpack_featured_media_url":"https:\/\/i0.wp.com\/cdnoticias.com\/wp-content\/uploads\/2020\/09\/asdasd-5.jpg?fit=960%2C540&ssl=1","jetpack_sharing_enabled":true,"_links":{"self":[{"href":"https:\/\/cdnoticias.com\/index.php\/wp-json\/wp\/v2\/posts\/23750","targetHints":{"allow":["GET"]}}],"collection":[{"href":"https:\/\/cdnoticias.com\/index.php\/wp-json\/wp\/v2\/posts"}],"about":[{"href":"https:\/\/cdnoticias.com\/index.php\/wp-json\/wp\/v2\/types\/post"}],"author":[{"embeddable":true,"href":"https:\/\/cdnoticias.com\/index.php\/wp-json\/wp\/v2\/users\/3"}],"replies":[{"embeddable":true,"href":"https:\/\/cdnoticias.com\/index.php\/wp-json\/wp\/v2\/comments?post=23750"}],"version-history":[{"count":0,"href":"https:\/\/cdnoticias.com\/index.php\/wp-json\/wp\/v2\/posts\/23750\/revisions"}],"wp:featuredmedia":[{"embeddable":true,"href":"https:\/\/cdnoticias.com\/index.php\/wp-json\/wp\/v2\/media\/540"}],"wp:attachment":[{"href":"https:\/\/cdnoticias.com\/index.php\/wp-json\/wp\/v2\/media?parent=23750"}],"wp:term":[{"taxonomy":"category","embeddable":true,"href":"https:\/\/cdnoticias.com\/index.php\/wp-json\/wp\/v2\/categories?post=23750"},{"taxonomy":"post_tag","embeddable":true,"href":"https:\/\/cdnoticias.com\/index.php\/wp-json\/wp\/v2\/tags?post=23750"}],"curies":[{"name":"wp","href":"https:\/\/api.w.org\/{rel}","templated":true}]}}