{"id":23747,"date":"2021-06-11T17:57:11","date_gmt":"2021-06-11T20:57:11","guid":{"rendered":"http:\/\/www.centraldenoticias.com.ar\/?p=23747"},"modified":"2021-06-11T19:48:12","modified_gmt":"2021-06-11T22:48:12","slug":"desde-este-sabado-habra-vacunacion-libre-para-mayores-de-60-anos","status":"publish","type":"post","link":"https:\/\/cdnoticias.com\/index.php\/2021\/06\/11\/desde-este-sabado-habra-vacunacion-libre-para-mayores-de-60-anos\/","title":{"rendered":"Desde este s\u00e1bado habr\u00e1 \u201cvacunaci\u00f3n libre\u201d para mayores de 60 a\u00f1os"},"content":{"rendered":"<p>Lo inform\u00f3 el gobernador Axel Kicillof, en una conferencia en la que se anunci\u00f3 adem\u00e1s la compra de 5 millones de vacunas.<!--more--><\/p>\n<hr \/>\n<p>En el inicio de la tarde de este viernes el gobernador Axel Kicillof encabez\u00f3 una conferencia de prensa en la que realiz\u00f3 importantes anuncios. Sin dudas la novedad m\u00e1s importante es que<strong> a partir de este s\u00e1bado habr\u00e1 vacunaci\u00f3n libre y espont\u00e1nea para mayores de 60 a\u00f1os en toda la provincia de Buenos Aires.<\/strong><\/p>\n<p>&nbsp;<\/p>\n<div class=\"jetpack-video-wrapper\"><iframe loading=\"lazy\" width=\"800\" height=\"450\" src=\"https:\/\/www.youtube.com\/embed\/Pjr5NJk3U0U?feature=oembed\" frameborder=\"0\" allow=\"accelerometer; autoplay; clipboard-write; encrypted-media; gyroscope; picture-in-picture\" allowfullscreen><\/iframe><\/div>\n<p>&nbsp;<\/p>\n<p>Tal como ya estaba en vigencia para mayores de 70, el gobernador bonaerense anunci\u00f3 que<strong> toda vecina y vecino que no se haya vacunado aun podr\u00e1 presentarse \u00fanicamente con DNI a cualquier posta de vacunaci\u00f3n y recibir\u00e1 su dosis<\/strong>, sin importar si estaba o no estaba en las planillas del Programa Provincial de Vacunaci\u00f3n.<\/p>\n<p>&nbsp;<\/p>\n<p>A la par, en esa misma rueda de prensa <strong>se anunci\u00f3 la firma de un contrato para traer 5 millones de dosis de la vacuna anti Covid de Cansino, una firma chino-canadiense<\/strong>. Se detall\u00f3 que es monodosis y tiene una efectividad del 95% para evitar cuadros graves. Se agreg\u00f3 que ya fue aprobada de emergencia por el ministerio de Salud.<\/p>\n<p>&nbsp;<\/p>\n<p><img data-recalc-dims=\"1\" loading=\"lazy\" decoding=\"async\" class=\"alignnone size-full wp-image-23137\" src=\"https:\/\/i0.wp.com\/cdnoticias.com\/wp-content\/uploads\/2021\/06\/kicillof-situaci%C3%B3n-sanitaria03-se%C3%B1ala.jpg?resize=800%2C445&#038;ssl=1\" alt=\"\" width=\"800\" height=\"445\" srcset=\"https:\/\/i0.wp.com\/cdnoticias.com\/wp-content\/uploads\/2021\/06\/kicillof-situaci%C3%B3n-sanitaria03-se%C3%B1ala.jpg?w=800&amp;ssl=1 800w, https:\/\/i0.wp.com\/cdnoticias.com\/wp-content\/uploads\/2021\/06\/kicillof-situaci%C3%B3n-sanitaria03-se%C3%B1ala.jpg?resize=300%2C167&amp;ssl=1 300w, https:\/\/i0.wp.com\/cdnoticias.com\/wp-content\/uploads\/2021\/06\/kicillof-situaci%C3%B3n-sanitaria03-se%C3%B1ala.jpg?resize=768%2C427&amp;ssl=1 768w\" sizes=\"auto, (max-width: 800px) 100vw, 800px\" \/><\/p>\n<p>&nbsp;<\/p>\n<p>Por \u00faltimo, y ya <strong>para el \u00e1rea del conurbano bonaerense, el gobernador bonaerense inform\u00f3 que vuelven las clases presenciales en el \u00e1rea metropolitana desde el mi\u00e9rcoles que viene<\/strong>, debido a una baja en el promedio de contagio diario en esos distritos.<\/p>\n<p>&nbsp;<\/p>\n<p>En ese marco expres\u00f3 que compr\u00f3 y envi\u00f3 a todos los establecimientos<strong> medidores de di\u00f3xido de carbono, para saber si hay concentraci\u00f3n de virus en suspensi\u00f3n en las aulas.<\/strong><\/p>\n","protected":false},"excerpt":{"rendered":"<p>Lo inform\u00f3 el gobernador Axel Kicillof, en una conferencia en la que se anunci\u00f3 adem\u00e1s la compra de 5 millones<\/p>\n","protected":false},"author":3,"featured_media":23371,"comment_status":"closed","ping_status":"closed","sticky":false,"template":"","format":"standard","meta":{"_jetpack_memberships_contains_paid_content":false,"footnotes":""},"categories":[16,1],"tags":[],"class_list":["post-23747","post","type-post","status-publish","format-standard","has-post-thumbnail","hentry","category-covid-19","category-portada"],"jetpack_featured_media_url":"https:\/\/i0.wp.com\/cdnoticias.com\/wp-content\/uploads\/2021\/06\/axel-kici.jpg?fit=949%2C521&ssl=1","jetpack_sharing_enabled":true,"_links":{"self":[{"href":"https:\/\/cdnoticias.com\/index.php\/wp-json\/wp\/v2\/posts\/23747","targetHints":{"allow":["GET"]}}],"collection":[{"href":"https:\/\/cdnoticias.com\/index.php\/wp-json\/wp\/v2\/posts"}],"about":[{"href":"https:\/\/cdnoticias.com\/index.php\/wp-json\/wp\/v2\/types\/post"}],"author":[{"embeddable":true,"href":"https:\/\/cdnoticias.com\/index.php\/wp-json\/wp\/v2\/users\/3"}],"replies":[{"embeddable":true,"href":"https:\/\/cdnoticias.com\/index.php\/wp-json\/wp\/v2\/comments?post=23747"}],"version-history":[{"count":0,"href":"https:\/\/cdnoticias.com\/index.php\/wp-json\/wp\/v2\/posts\/23747\/revisions"}],"wp:featuredmedia":[{"embeddable":true,"href":"https:\/\/cdnoticias.com\/index.php\/wp-json\/wp\/v2\/media\/23371"}],"wp:attachment":[{"href":"https:\/\/cdnoticias.com\/index.php\/wp-json\/wp\/v2\/media?parent=23747"}],"wp:term":[{"taxonomy":"category","embeddable":true,"href":"https:\/\/cdnoticias.com\/index.php\/wp-json\/wp\/v2\/categories?post=23747"},{"taxonomy":"post_tag","embeddable":true,"href":"https:\/\/cdnoticias.com\/index.php\/wp-json\/wp\/v2\/tags?post=23747"}],"curies":[{"name":"wp","href":"https:\/\/api.w.org\/{rel}","templated":true}]}}