{"id":23727,"date":"2021-06-11T16:09:37","date_gmt":"2021-06-11T19:09:37","guid":{"rendered":"http:\/\/www.centraldenoticias.com.ar\/?p=23727"},"modified":"2021-06-11T17:57:36","modified_gmt":"2021-06-11T20:57:36","slug":"la-importancia-de-producir-salud-y-no-solamente-atender-la-enfermedad","status":"publish","type":"post","link":"https:\/\/cdnoticias.com\/index.php\/2021\/06\/11\/la-importancia-de-producir-salud-y-no-solamente-atender-la-enfermedad\/","title":{"rendered":"La importancia de \u201cproducir salud y no solamente atender la enfermedad\u201d"},"content":{"rendered":"<p>Lo destac\u00f3 la directora provincial de Salud Comunitaria, Noelia L\u00f3pez, quien estuvo en el Tren Sanitario en Hinojo. Las demandas de los vecinos y la necesidad de un abordaje interdisciplinario.<!--more--><\/p>\n<hr \/>\n<p><strong>Alexis Grierson<\/strong> \/ <a href=\"https:\/\/twitter.com\/alexisdechillar\" target=\"_blank\" rel=\"noopener\">@alexisdechillar<\/a><\/p>\n<p><em>(del staff de Central de Noticias)<\/em><\/p>\n<p>&nbsp;<\/p>\n<p>La <strong>directora provincial de Salud Comunitaria, Noelia L\u00f3pez<\/strong>, estuvo en el <strong>Tren Sanitario en Hinojo<\/strong> <a href=\"https:\/\/cdnoticias.com\/index.php\/2021\/06\/11\/el-tren-lleva-esperanza-a-los-pueblos-y-hoy-esta-trayendo-salud\/\" target=\"_blank\" rel=\"noopener\">junto a otros funcionarios del Ministerio de Salud bonaerense<\/a>.<\/p>\n<p>&nbsp;<\/p>\n<p>En ese marco habl\u00f3 con <strong>Central de Noticias<\/strong> sobre el rol del \u00e1rea que encabeza, las demandas de los vecinos y la necesidad de un abordaje interdisciplinario de la salud. <strong>\u201cLa realidad es que los problemas de salud son en general un problema social\u201d<\/strong> subray\u00f3.<\/p>\n<p>&nbsp;<\/p>\n<p><em>-\u00bfC\u00f3mo se trabaja de forma territorial?<\/em><\/p>\n<p>&nbsp;<\/p>\n<p>Nosotros tenemos desde el Ministerio, una Direcci\u00f3n de Salud Comunitaria que tiene como misi\u00f3n <strong>la posibilidad de poder acercar la salud a la comunidad<\/strong> y en ese sentido ya de movida<strong> las pol\u00edticas de salud que pensamos tienen esa pata territorial<\/strong>.<\/p>\n<p>&nbsp;<\/p>\n<p><img data-recalc-dims=\"1\" loading=\"lazy\" decoding=\"async\" class=\"size-large wp-image-23713 aligncenter\" src=\"https:\/\/i0.wp.com\/cdnoticias.com\/wp-content\/uploads\/2021\/06\/tren-sanitario-vacunacion-1.jpg?resize=800%2C445&#038;ssl=1\" alt=\"\" width=\"800\" height=\"445\" srcset=\"https:\/\/i0.wp.com\/cdnoticias.com\/wp-content\/uploads\/2021\/06\/tren-sanitario-vacunacion-1.jpg?resize=1024%2C570&amp;ssl=1 1024w, https:\/\/i0.wp.com\/cdnoticias.com\/wp-content\/uploads\/2021\/06\/tren-sanitario-vacunacion-1.jpg?resize=300%2C167&amp;ssl=1 300w, https:\/\/i0.wp.com\/cdnoticias.com\/wp-content\/uploads\/2021\/06\/tren-sanitario-vacunacion-1.jpg?resize=768%2C427&amp;ssl=1 768w, https:\/\/i0.wp.com\/cdnoticias.com\/wp-content\/uploads\/2021\/06\/tren-sanitario-vacunacion-1.jpg?resize=800%2C445&amp;ssl=1 800w, https:\/\/i0.wp.com\/cdnoticias.com\/wp-content\/uploads\/2021\/06\/tren-sanitario-vacunacion-1.jpg?w=1600&amp;ssl=1 1600w, https:\/\/i0.wp.com\/cdnoticias.com\/wp-content\/uploads\/2021\/06\/tren-sanitario-vacunacion-1.jpg?w=2400&amp;ssl=1 2400w\" sizes=\"auto, (max-width: 800px) 100vw, 800px\" \/><\/p>\n<p>&nbsp;<\/p>\n<p>Desde el inicio de la gesti\u00f3n<strong> empezamos a armar equipos interdisciplinarios<\/strong> para poder empezar a generar, en articulaci\u00f3n con los municipios, diferentes estrategias de salud en las comunidades.<\/p>\n<p>&nbsp;<\/p>\n<p><strong>En el medio, la pandemia. Nos hizo tener que aumentar los equipos<\/strong>, tenemos las unidades sanitarias m\u00f3viles, y donde no hay nos arreglamos con un gazebo o una organizaci\u00f3n civil que nos presta sus instalaciones. Hoy se suma a esas estrategias el<strong> Tren Sanitario<\/strong> que la verdad es que adem\u00e1s de poder empezar a generar un acceso a la salud en diferentes pueblos -que quiz\u00e1s de otra manera no nos hubi\u00e9semos acercado-, tambi\u00e9n pone de relieve algo de nuestra propia historia con la construcci\u00f3n de lo sanitario en el pa\u00eds y en la provincia, y eso tambi\u00e9n hace a la salud. Habla de <strong>reconstruir algo de lo subjetivo y lo social que la pandemia vino un poco a romper<\/strong>.<\/p>\n<p>&nbsp;<\/p>\n<p><em>-\u00bfQu\u00e9 respuesta reciben de los vecinos?<\/em><\/p>\n<p>&nbsp;<\/p>\n<p><strong>La comunidad en general siempre se organiza a ra\u00edz de sus problemas y siempre busca respuestas activas<\/strong>. Cuando empezamos con los Detectar fue justamente por el pedido de organizaciones sociales que empezaban a ver que en sus barrios, sobre todo el barrios populares, hab\u00eda m\u00e1s contagios.<\/p>\n<p>&nbsp;<\/p>\n<p><img data-recalc-dims=\"1\" loading=\"lazy\" decoding=\"async\" class=\"size-large wp-image-23718 aligncenter\" src=\"https:\/\/i0.wp.com\/cdnoticias.com\/wp-content\/uploads\/2021\/06\/tren-sanitario-vacunacion-6.jpg?resize=800%2C534&#038;ssl=1\" alt=\"\" width=\"800\" height=\"534\" srcset=\"https:\/\/i0.wp.com\/cdnoticias.com\/wp-content\/uploads\/2021\/06\/tren-sanitario-vacunacion-6.jpg?resize=1024%2C683&amp;ssl=1 1024w, https:\/\/i0.wp.com\/cdnoticias.com\/wp-content\/uploads\/2021\/06\/tren-sanitario-vacunacion-6.jpg?resize=300%2C200&amp;ssl=1 300w, https:\/\/i0.wp.com\/cdnoticias.com\/wp-content\/uploads\/2021\/06\/tren-sanitario-vacunacion-6.jpg?resize=768%2C512&amp;ssl=1 768w, https:\/\/i0.wp.com\/cdnoticias.com\/wp-content\/uploads\/2021\/06\/tren-sanitario-vacunacion-6.jpg?resize=272%2C182&amp;ssl=1 272w, https:\/\/i0.wp.com\/cdnoticias.com\/wp-content\/uploads\/2021\/06\/tren-sanitario-vacunacion-6.jpg?w=1600&amp;ssl=1 1600w, https:\/\/i0.wp.com\/cdnoticias.com\/wp-content\/uploads\/2021\/06\/tren-sanitario-vacunacion-6.jpg?w=2400&amp;ssl=1 2400w\" sizes=\"auto, (max-width: 800px) 100vw, 800px\" \/><\/p>\n<p>&nbsp;<\/p>\n<p>Eso nos hizo pensar, cuando est\u00e1bamos todos adentro, en aislamiento total y nadie sal\u00eda, que ten\u00edamos que buscar de qu\u00e9 manera activamente \u00edbamos a las casas a encontrar las personas con s\u00edntomas. Por que le ped\u00edamos a la gente que no salga y <strong>nos ten\u00edamos que acercar nosotros<\/strong>.<\/p>\n<p>&nbsp;<\/p>\n<blockquote><p>Y de ah\u00ed en adelante, el proceso de trabajo articulado con organizaciones sociales, pol\u00edticas, religiosas fue incre\u00edble. Da la pauta de que la comunidad se organiza y con eso trabajamos todos de una manera mucho m\u00e1s fruct\u00edfera en relaci\u00f3n a producir salud y no solamente atender la enfermedad.<\/p><\/blockquote>\n<p>&nbsp;<\/p>\n<p><em>-\u00bfCu\u00e1l es la demanda social y cu\u00e1n preocupada est\u00e1 la gente en torno a la vacunaci\u00f3n contra el Covid?<\/em><\/p>\n<p>&nbsp;<\/p>\n<p>En general <strong>con la vacunaci\u00f3n ha habido una recepci\u00f3n enorme, de hecho tenemos 7 millones de personas inscriptas<\/strong>. Y eso da cuenta de la buena recepci\u00f3n. Todav\u00eda hay que seguir incentivando a que las personas manifiesten la voluntad de vacunarse, se inscriban en el vacunatePBA. Eso es muy importante porque nos permite organizar la vacunaci\u00f3n.<\/p>\n<p>&nbsp;<\/p>\n<p><img data-recalc-dims=\"1\" loading=\"lazy\" decoding=\"async\" class=\"size-large wp-image-23714 aligncenter\" src=\"https:\/\/i0.wp.com\/cdnoticias.com\/wp-content\/uploads\/2021\/06\/tren-sanitario-vacunacion-2.jpg?resize=800%2C445&#038;ssl=1\" alt=\"\" width=\"800\" height=\"445\" srcset=\"https:\/\/i0.wp.com\/cdnoticias.com\/wp-content\/uploads\/2021\/06\/tren-sanitario-vacunacion-2.jpg?resize=1024%2C570&amp;ssl=1 1024w, https:\/\/i0.wp.com\/cdnoticias.com\/wp-content\/uploads\/2021\/06\/tren-sanitario-vacunacion-2.jpg?resize=300%2C167&amp;ssl=1 300w, https:\/\/i0.wp.com\/cdnoticias.com\/wp-content\/uploads\/2021\/06\/tren-sanitario-vacunacion-2.jpg?resize=768%2C427&amp;ssl=1 768w, https:\/\/i0.wp.com\/cdnoticias.com\/wp-content\/uploads\/2021\/06\/tren-sanitario-vacunacion-2.jpg?resize=800%2C445&amp;ssl=1 800w, https:\/\/i0.wp.com\/cdnoticias.com\/wp-content\/uploads\/2021\/06\/tren-sanitario-vacunacion-2.jpg?w=1600&amp;ssl=1 1600w, https:\/\/i0.wp.com\/cdnoticias.com\/wp-content\/uploads\/2021\/06\/tren-sanitario-vacunacion-2.jpg?w=2400&amp;ssl=1 2400w\" sizes=\"auto, (max-width: 800px) 100vw, 800px\" \/><\/p>\n<p>&nbsp;<\/p>\n<p>&nbsp;<\/p>\n<p><strong>Hay un mont\u00f3n de otros problemas sociales, econ\u00f3micos y de salud mismo que la pandemia pone de relieve<\/strong>, y esto de poder acercarnos con equipos interdisciplinarios que abordan la salud de una manera integral hace que podamos dar respuesta a esas necesidades, incluso hemos trabajado con otros ministerios, como el Ministerio de Desarrollo de la Comunidad.<\/p>\n<p>&nbsp;<\/p>\n<p><strong>La realidad es que los problemas de salud son en general un problema socia<\/strong>l, y siempre pensamos el trabajo de manera articulada.<\/p>\n<p><img data-recalc-dims=\"1\" loading=\"lazy\" decoding=\"async\" class=\"size-large wp-image-23720 aligncenter\" src=\"https:\/\/i0.wp.com\/cdnoticias.com\/wp-content\/uploads\/2021\/06\/tren-sanitario-vacunacion-8.jpg?resize=800%2C534&#038;ssl=1\" alt=\"\" width=\"800\" height=\"534\" srcset=\"https:\/\/i0.wp.com\/cdnoticias.com\/wp-content\/uploads\/2021\/06\/tren-sanitario-vacunacion-8.jpg?resize=1024%2C683&amp;ssl=1 1024w, https:\/\/i0.wp.com\/cdnoticias.com\/wp-content\/uploads\/2021\/06\/tren-sanitario-vacunacion-8.jpg?resize=300%2C200&amp;ssl=1 300w, https:\/\/i0.wp.com\/cdnoticias.com\/wp-content\/uploads\/2021\/06\/tren-sanitario-vacunacion-8.jpg?resize=768%2C512&amp;ssl=1 768w, https:\/\/i0.wp.com\/cdnoticias.com\/wp-content\/uploads\/2021\/06\/tren-sanitario-vacunacion-8.jpg?resize=272%2C182&amp;ssl=1 272w, https:\/\/i0.wp.com\/cdnoticias.com\/wp-content\/uploads\/2021\/06\/tren-sanitario-vacunacion-8.jpg?w=1600&amp;ssl=1 1600w, https:\/\/i0.wp.com\/cdnoticias.com\/wp-content\/uploads\/2021\/06\/tren-sanitario-vacunacion-8.jpg?w=2400&amp;ssl=1 2400w\" sizes=\"auto, (max-width: 800px) 100vw, 800px\" \/><\/p>\n","protected":false},"excerpt":{"rendered":"<p>Lo destac\u00f3 la directora provincial de Salud Comunitaria, Noelia L\u00f3pez, quien estuvo en el Tren Sanitario en Hinojo. Las demandas<\/p>\n","protected":false},"author":4,"featured_media":23721,"comment_status":"closed","ping_status":"closed","sticky":false,"template":"","format":"standard","meta":{"_jetpack_memberships_contains_paid_content":false,"footnotes":""},"categories":[16,1],"tags":[],"class_list":["post-23727","post","type-post","status-publish","format-standard","has-post-thumbnail","hentry","category-covid-19","category-portada"],"jetpack_featured_media_url":"https:\/\/i0.wp.com\/cdnoticias.com\/wp-content\/uploads\/2021\/06\/tren-sanitario-vacunacion-9.jpg?fit=4608%2C3072&ssl=1","jetpack_sharing_enabled":true,"_links":{"self":[{"href":"https:\/\/cdnoticias.com\/index.php\/wp-json\/wp\/v2\/posts\/23727","targetHints":{"allow":["GET"]}}],"collection":[{"href":"https:\/\/cdnoticias.com\/index.php\/wp-json\/wp\/v2\/posts"}],"about":[{"href":"https:\/\/cdnoticias.com\/index.php\/wp-json\/wp\/v2\/types\/post"}],"author":[{"embeddable":true,"href":"https:\/\/cdnoticias.com\/index.php\/wp-json\/wp\/v2\/users\/4"}],"replies":[{"embeddable":true,"href":"https:\/\/cdnoticias.com\/index.php\/wp-json\/wp\/v2\/comments?post=23727"}],"version-history":[{"count":0,"href":"https:\/\/cdnoticias.com\/index.php\/wp-json\/wp\/v2\/posts\/23727\/revisions"}],"wp:featuredmedia":[{"embeddable":true,"href":"https:\/\/cdnoticias.com\/index.php\/wp-json\/wp\/v2\/media\/23721"}],"wp:attachment":[{"href":"https:\/\/cdnoticias.com\/index.php\/wp-json\/wp\/v2\/media?parent=23727"}],"wp:term":[{"taxonomy":"category","embeddable":true,"href":"https:\/\/cdnoticias.com\/index.php\/wp-json\/wp\/v2\/categories?post=23727"},{"taxonomy":"post_tag","embeddable":true,"href":"https:\/\/cdnoticias.com\/index.php\/wp-json\/wp\/v2\/tags?post=23727"}],"curies":[{"name":"wp","href":"https:\/\/api.w.org\/{rel}","templated":true}]}}