{"id":23698,"date":"2021-06-11T10:55:45","date_gmt":"2021-06-11T13:55:45","guid":{"rendered":"http:\/\/www.centraldenoticias.com.ar\/?p=23698"},"modified":"2021-06-11T10:55:45","modified_gmt":"2021-06-11T13:55:45","slug":"la-ucr-realizo-una-charla-sobre-la-redistribucion-del-impuesto-a-la-piedra","status":"publish","type":"post","link":"https:\/\/cdnoticias.com\/index.php\/2021\/06\/11\/la-ucr-realizo-una-charla-sobre-la-redistribucion-del-impuesto-a-la-piedra\/","title":{"rendered":"La UCR realiz\u00f3 una charla sobre la \u201credistribuci\u00f3n\u201d del Impuesto a la Piedra"},"content":{"rendered":"<p>Fue este \u00faltimo jueves, encabezada por el concejal Mart\u00edn Lastape. Se aclararon dudas y se explic\u00f3 el proyecto que est\u00e1 en el Concejo Deliberante.<!--more--><\/p>\n<hr \/>\n<p>En la jornada de este jueves <strong>la UCR realiz\u00f3, de manera virtual, una charla informativa sobre el proyecto de Redistribuci\u00f3n del Derecho de Explotaci\u00f3n de Canteras<\/strong>, presentado por Mart\u00edn Lastape en el HCD.<\/p>\n<p>&nbsp;<\/p>\n<p>Justamente,<strong> el edil encabez\u00f3 las exposiciones y estuvo acompa\u00f1ado por los equipos t\u00e9cnicos de la UC<\/strong>R, en particular por los contadores y coautores del proyecto Emilio Canevello y Leandro Pallone.<\/p>\n<p>&nbsp;<\/p>\n<blockquote><p>Adem\u00e1s, tambi\u00e9n estuvo presente el ex presidente del HCD y referente de Evoluci\u00f3n Provincia de Buenos Aires, Franco Cominotto. La charla estuvo moderada por la actual vice-presidenta del Comit\u00e9, Bel\u00e9n Vergel.<\/p><\/blockquote>\n<p>&nbsp;<\/p>\n<p>All\u00ed, se explicaron<strong> las cuestiones referidas al proyecto de ordenanza presentado semanas atr\u00e1s en el cuerpo legislativo, como as\u00ed tambi\u00e9n las cuestiones t\u00e9cnicas.<\/strong> Se puso en valor, seg\u00fan explicaron, la labor que se ha realizado desde hace varios a\u00f1os desde la Uni\u00f3n C\u00edvica Radical para con las localidades.<\/p>\n","protected":false},"excerpt":{"rendered":"<p>Fue este \u00faltimo jueves, encabezada por el concejal Mart\u00edn Lastape. Se aclararon dudas y se explic\u00f3 el proyecto que est\u00e1<\/p>\n","protected":false},"author":4,"featured_media":23699,"comment_status":"closed","ping_status":"closed","sticky":false,"template":"","format":"standard","meta":{"_jetpack_memberships_contains_paid_content":false,"footnotes":""},"categories":[4,1],"tags":[],"class_list":["post-23698","post","type-post","status-publish","format-standard","has-post-thumbnail","hentry","category-politica","category-portada"],"jetpack_featured_media_url":"https:\/\/i0.wp.com\/cdnoticias.com\/wp-content\/uploads\/2021\/06\/Dise%C3%B1o-sin-t%C3%ADtulo-9.png?fit=1024%2C576&ssl=1","jetpack_sharing_enabled":true,"_links":{"self":[{"href":"https:\/\/cdnoticias.com\/index.php\/wp-json\/wp\/v2\/posts\/23698","targetHints":{"allow":["GET"]}}],"collection":[{"href":"https:\/\/cdnoticias.com\/index.php\/wp-json\/wp\/v2\/posts"}],"about":[{"href":"https:\/\/cdnoticias.com\/index.php\/wp-json\/wp\/v2\/types\/post"}],"author":[{"embeddable":true,"href":"https:\/\/cdnoticias.com\/index.php\/wp-json\/wp\/v2\/users\/4"}],"replies":[{"embeddable":true,"href":"https:\/\/cdnoticias.com\/index.php\/wp-json\/wp\/v2\/comments?post=23698"}],"version-history":[{"count":0,"href":"https:\/\/cdnoticias.com\/index.php\/wp-json\/wp\/v2\/posts\/23698\/revisions"}],"wp:featuredmedia":[{"embeddable":true,"href":"https:\/\/cdnoticias.com\/index.php\/wp-json\/wp\/v2\/media\/23699"}],"wp:attachment":[{"href":"https:\/\/cdnoticias.com\/index.php\/wp-json\/wp\/v2\/media?parent=23698"}],"wp:term":[{"taxonomy":"category","embeddable":true,"href":"https:\/\/cdnoticias.com\/index.php\/wp-json\/wp\/v2\/categories?post=23698"},{"taxonomy":"post_tag","embeddable":true,"href":"https:\/\/cdnoticias.com\/index.php\/wp-json\/wp\/v2\/tags?post=23698"}],"curies":[{"name":"wp","href":"https:\/\/api.w.org\/{rel}","templated":true}]}}