{"id":23696,"date":"2021-06-11T10:25:08","date_gmt":"2021-06-11T13:25:08","guid":{"rendered":"http:\/\/www.centraldenoticias.com.ar\/?p=23696"},"modified":"2021-06-11T14:24:23","modified_gmt":"2021-06-11T17:24:23","slug":"cuales-seran-los-beneficios-para-olavarria-por-ser-zona-fria","status":"publish","type":"post","link":"https:\/\/cdnoticias.com\/index.php\/2021\/06\/11\/cuales-seran-los-beneficios-para-olavarria-por-ser-zona-fria\/","title":{"rendered":"Cu\u00e1les ser\u00e1n los beneficios para Olavarr\u00eda por ser \u201cZona fr\u00eda\u201d"},"content":{"rendered":"<p>En general, habr\u00e1 un descuento del 30% para el consumidor final por metro c\u00fabico de consumo, pero se estiman mayores beneficios a otros sectores. El listado.\u00a0<!--more--><\/p>\n<hr \/>\n<p>Tras la<a href=\"https:\/\/cdnoticias.com\/index.php\/2021\/06\/11\/media-sancion-al-proyecto-que-reduce-las-tarifas-de-gas-en-areas-de-baja-temperatura\/\" target=\"_blank\" rel=\"noopener\"> media sanci\u00f3n del proyecto de Ley que estipula que Olavarr\u00eda, en conjunto con medio centenar de Municipios bonaerenses, integra la \u201cZona fr\u00eda\u201d<\/a> para los consumidores de gas, <strong>se explicaron los detalles puntuales que explican los beneficios de este proyecto que ahora buscar\u00e1 ser aprobado en el Senado.<\/strong><\/p>\n<p>&nbsp;<\/p>\n<p>La propuesta, que lleva varios a\u00f1os de discusiones y <strong>a la diputada olavarriense Liliana Schwindt como referencia,<\/strong> contempla en primera instancia <strong>un descuento del 30% para el consumidor final en el valor del metro c\u00fabico de consumo, de acuerdo al cuadro tarifario vigente. Esto ser\u00e1 para todos los usuarios residenciales.<\/strong><\/p>\n<p>&nbsp;<\/p>\n<p>Adem\u00e1s de Olavarr\u00eda, este beneficio implicar\u00e1 un alcance de 3 millones de personas.<\/p>\n<p>&nbsp;<\/p>\n<p>Pero adem\u00e1s, <strong>habr\u00e1 una disminuci\u00f3n del 50% de la factura de gas correspondiente en casos puntuales,<\/strong> seg\u00fan el siguiente listado:<\/p>\n<p>&nbsp;<\/p>\n<ul>\n<li>Beneficiarios y beneficiarias de la Asignaci\u00f3n Universal por Hijo (AUH) y la Asignaci\u00f3n por Embarazo;<\/li>\n<\/ul>\n<p>&nbsp;<\/p>\n<ul>\n<li>Beneficiarios y beneficiarias de Pensiones no Contributivas que perciban ingresos mensuales brutos no superiores a CUATRO (4) veces el Salario M\u00ednimo Vital y M\u00f3vil;<\/li>\n<\/ul>\n<p>&nbsp;<\/p>\n<ul>\n<li>Usuarios inscriptos y usuarias inscriptas en el R\u00e9gimen de Monotributo Social;<\/li>\n<\/ul>\n<p>&nbsp;<\/p>\n<ul>\n<li>Jubilados y jubiladas; pensionadas y pensionados; y trabajadores y trabajadoras en relaci\u00f3n de dependencia que perciban una remuneraci\u00f3n bruta menor o igual a CUATRO (4) Salarios M\u00ednimos Vitales y M\u00f3viles;<\/li>\n<\/ul>\n<p>&nbsp;<\/p>\n<ul>\n<li>Trabajadores monotributistas inscriptos en una categor\u00eda cuyo ingreso anual mensualizado no supere en TRES (3) veces el Salario M\u00ednimo Vital y M\u00f3vil;<\/li>\n<\/ul>\n<p>&nbsp;<\/p>\n<ul>\n<li>Usuarios y usuarias que perciben seguro de desempleo;<\/li>\n<\/ul>\n<p>&nbsp;<\/p>\n<ul>\n<li>Electrodependientes, beneficiarios de la Ley N\u00ba 27.351;<\/li>\n<\/ul>\n<p>&nbsp;<\/p>\n<ul>\n<li>Usuarios incorporados y usuarias incorporadas en el R\u00e9gimen Especial de Seguridad Social para Empleados de Casas Particulares (Ley N\u00ba 26.844);<\/li>\n<\/ul>\n<p>&nbsp;<\/p>\n<ul>\n<li>Exentos en el pago de ABL o tributos locales de igual naturaleza;<\/li>\n<\/ul>\n<p>&nbsp;<\/p>\n<ul>\n<li>Ser titular de una Pensi\u00f3n Vitalicia a Veteranos de Guerra del Atl\u00e1ntico Sur.<\/li>\n<\/ul>\n<p>&nbsp;<\/p>\n<p>La ampliaci\u00f3n en cuesti\u00f3n incorpora a las localidades actualmente alcanzadas, <strong>las comprendidas en el frente mar\u00edtimo y subzonas del sur de la provincia de Buenos Aires, entre las que figura Olavarr\u00eda y varios distritos de la regi\u00f3n centro de la Provincia.\u00a0<\/strong><\/p>\n","protected":false},"excerpt":{"rendered":"<p>En general, habr\u00e1 un descuento del 30% para el consumidor final por metro c\u00fabico de consumo, pero se estiman mayores<\/p>\n","protected":false},"author":4,"featured_media":23686,"comment_status":"closed","ping_status":"closed","sticky":false,"template":"","format":"standard","meta":{"_jetpack_memberships_contains_paid_content":false,"footnotes":""},"categories":[5,1],"tags":[],"class_list":["post-23696","post","type-post","status-publish","format-standard","has-post-thumbnail","hentry","category-informacion-general","category-portada"],"jetpack_featured_media_url":"https:\/\/i0.wp.com\/cdnoticias.com\/wp-content\/uploads\/2021\/06\/diputados-gas.jpg?fit=1004%2C565&ssl=1","jetpack_sharing_enabled":true,"_links":{"self":[{"href":"https:\/\/cdnoticias.com\/index.php\/wp-json\/wp\/v2\/posts\/23696","targetHints":{"allow":["GET"]}}],"collection":[{"href":"https:\/\/cdnoticias.com\/index.php\/wp-json\/wp\/v2\/posts"}],"about":[{"href":"https:\/\/cdnoticias.com\/index.php\/wp-json\/wp\/v2\/types\/post"}],"author":[{"embeddable":true,"href":"https:\/\/cdnoticias.com\/index.php\/wp-json\/wp\/v2\/users\/4"}],"replies":[{"embeddable":true,"href":"https:\/\/cdnoticias.com\/index.php\/wp-json\/wp\/v2\/comments?post=23696"}],"version-history":[{"count":0,"href":"https:\/\/cdnoticias.com\/index.php\/wp-json\/wp\/v2\/posts\/23696\/revisions"}],"wp:featuredmedia":[{"embeddable":true,"href":"https:\/\/cdnoticias.com\/index.php\/wp-json\/wp\/v2\/media\/23686"}],"wp:attachment":[{"href":"https:\/\/cdnoticias.com\/index.php\/wp-json\/wp\/v2\/media?parent=23696"}],"wp:term":[{"taxonomy":"category","embeddable":true,"href":"https:\/\/cdnoticias.com\/index.php\/wp-json\/wp\/v2\/categories?post=23696"},{"taxonomy":"post_tag","embeddable":true,"href":"https:\/\/cdnoticias.com\/index.php\/wp-json\/wp\/v2\/tags?post=23696"}],"curies":[{"name":"wp","href":"https:\/\/api.w.org\/{rel}","templated":true}]}}