{"id":23679,"date":"2021-06-11T08:41:49","date_gmt":"2021-06-11T11:41:49","guid":{"rendered":"http:\/\/www.centraldenoticias.com.ar\/?p=23679"},"modified":"2021-06-11T08:41:49","modified_gmt":"2021-06-11T11:41:49","slug":"protesta-del-polo-obrero-por-condiciones-para-beneficiarios-del-potenciar-trabajo","status":"publish","type":"post","link":"https:\/\/cdnoticias.com\/index.php\/2021\/06\/11\/protesta-del-polo-obrero-por-condiciones-para-beneficiarios-del-potenciar-trabajo\/","title":{"rendered":"Protesta del Polo Obrero por condiciones para beneficiarios del Potenciar Trabajo"},"content":{"rendered":"<p>Se replicar\u00e1 en Olavarr\u00eda la \u201cJornada Nacional de Lucha por el Aguinaldo para trabajadores y trabajadoras del programa Potenciar Trabajo\u201d, tambi\u00e9n con pedido por asistencia a los comedores.<!--more--><\/p>\n<hr \/>\n<p><strong>El Polo Obrero llevar\u00e1 adelante este viernes la \u201cJornada Nacional de Lucha por el Aguinaldo para trabajadores y trabajadoras del programa Potenciar Trabajo\u201d y tendr\u00e1 impacto en Olavarr\u00eda<\/strong>.<\/p>\n<p>&nbsp;<\/p>\n<p>La convocatoria a la manifestaci\u00f3n se\u00f1al\u00f3 \u201c<strong>una situaci\u00f3n econ\u00f3mica y salarial que deja nuestras familias en la miseria<\/strong>, con los ya conocidos datos de casi el 50% de la poblaci\u00f3n por debajo de la l\u00ednea de pobreza, es decir casi 20 millones de personas y cinco millones de indigentes\u201d.<\/p>\n<p>&nbsp;<\/p>\n<p>Sostuvieron que <strong>hay casi un mill\u00f3n de beneficiarios de programa Potenciar Trabajo<\/strong>, al cual definieron como \u201cun sistema de precarizaci\u00f3n laboral impulsado por el Gobierno Nacional, que incluye a compa\u00f1eras y compa\u00f1eros que realizamos tareas en comedores populares, merenderos, centros de atenci\u00f3n a la infancia y a los adultos, limpieza de espacios p\u00fablicos y comunitarios entre otras actividades\u201d. En ese marco, expresaron <strong>\u201cvenimos soportando un ingreso de miseria por nuestro trabajo, que est\u00e1 escandalosamente en la mitad de la canasta de indigencia, es decir $12.000 por mes\u201d<\/strong>.<\/p>\n<p>&nbsp;<\/p>\n<blockquote><p>\u201cEs indiscutible que con este ingreso, que est\u00e1 destinado a la cabeza de familia, es decir que incluye el sostenimiento de un n\u00facleo familiar, alguien pueda siquiera pensar en comer todos los d\u00edas\u201d se remarc\u00f3 desde el Polo Obrero.<\/p><\/blockquote>\n<p>&nbsp;<\/p>\n<p><img data-recalc-dims=\"1\" loading=\"lazy\" decoding=\"async\" class=\"aligncenter wp-image-23680 size-full\" src=\"https:\/\/i0.wp.com\/cdnoticias.com\/wp-content\/uploads\/2021\/06\/polo-obrero-01.jpg?resize=500%2C500&#038;ssl=1\" alt=\"\" width=\"500\" height=\"500\" srcset=\"https:\/\/i0.wp.com\/cdnoticias.com\/wp-content\/uploads\/2021\/06\/polo-obrero-01.jpg?w=500&amp;ssl=1 500w, https:\/\/i0.wp.com\/cdnoticias.com\/wp-content\/uploads\/2021\/06\/polo-obrero-01.jpg?resize=150%2C150&amp;ssl=1 150w, https:\/\/i0.wp.com\/cdnoticias.com\/wp-content\/uploads\/2021\/06\/polo-obrero-01.jpg?resize=300%2C300&amp;ssl=1 300w\" sizes=\"auto, (max-width: 500px) 100vw, 500px\" \/><\/p>\n<p>La manifestaci\u00f3n de este viernes \u2013\u201ccon distanciamiento y cuidados\u201d, se aclar\u00f3- reclamar\u00e1 <strong>\u201cun aguinaldo de mediado de a\u00f1o, que en nuestro caso deber\u00eda ser un salario completo\u201d<\/strong>.<\/p>\n<p>&nbsp;<\/p>\n<p>A su vez demandaron<strong> la reapertura de la discusi\u00f3n del salario m\u00ednimo<\/strong>, \u201cque est\u00e9 por lo menos en la canasta b\u00e1sica para todes les trabajadores en Argentina\u201d.<\/p>\n<p>&nbsp;<\/p>\n<blockquote><p>En el plano local, el Polo Obrero plantear\u00e1, adem\u00e1s, \u201cal gobierno municipal el reclamo de la asistencia integral a los comedores populares de los barrios\u201d.<\/p><\/blockquote>\n<p>&nbsp;<\/p>\n<p><strong>En Olavarr\u00eda la manifestaci\u00f3n comenzar\u00e1 a las 11.30 frente al Palacio Municipal<\/strong>. En tanto, en todo el pa\u00eds las actividades de protesta se desarrollar\u00e1n desde las 10.<\/p>\n","protected":false},"excerpt":{"rendered":"<p>Se replicar\u00e1 en Olavarr\u00eda la \u201cJornada Nacional de Lucha por el Aguinaldo para trabajadores y trabajadoras del programa Potenciar Trabajo\u201d,<\/p>\n","protected":false},"author":4,"featured_media":23681,"comment_status":"closed","ping_status":"closed","sticky":false,"template":"","format":"standard","meta":{"_jetpack_memberships_contains_paid_content":false,"footnotes":""},"categories":[4,1],"tags":[],"class_list":["post-23679","post","type-post","status-publish","format-standard","has-post-thumbnail","hentry","category-politica","category-portada"],"jetpack_featured_media_url":"https:\/\/i0.wp.com\/cdnoticias.com\/wp-content\/uploads\/2021\/06\/polo-obrero-00.jpg?fit=800%2C445&ssl=1","jetpack_sharing_enabled":true,"_links":{"self":[{"href":"https:\/\/cdnoticias.com\/index.php\/wp-json\/wp\/v2\/posts\/23679","targetHints":{"allow":["GET"]}}],"collection":[{"href":"https:\/\/cdnoticias.com\/index.php\/wp-json\/wp\/v2\/posts"}],"about":[{"href":"https:\/\/cdnoticias.com\/index.php\/wp-json\/wp\/v2\/types\/post"}],"author":[{"embeddable":true,"href":"https:\/\/cdnoticias.com\/index.php\/wp-json\/wp\/v2\/users\/4"}],"replies":[{"embeddable":true,"href":"https:\/\/cdnoticias.com\/index.php\/wp-json\/wp\/v2\/comments?post=23679"}],"version-history":[{"count":0,"href":"https:\/\/cdnoticias.com\/index.php\/wp-json\/wp\/v2\/posts\/23679\/revisions"}],"wp:featuredmedia":[{"embeddable":true,"href":"https:\/\/cdnoticias.com\/index.php\/wp-json\/wp\/v2\/media\/23681"}],"wp:attachment":[{"href":"https:\/\/cdnoticias.com\/index.php\/wp-json\/wp\/v2\/media?parent=23679"}],"wp:term":[{"taxonomy":"category","embeddable":true,"href":"https:\/\/cdnoticias.com\/index.php\/wp-json\/wp\/v2\/categories?post=23679"},{"taxonomy":"post_tag","embeddable":true,"href":"https:\/\/cdnoticias.com\/index.php\/wp-json\/wp\/v2\/tags?post=23679"}],"curies":[{"name":"wp","href":"https:\/\/api.w.org\/{rel}","templated":true}]}}