{"id":23665,"date":"2021-06-10T19:41:05","date_gmt":"2021-06-10T22:41:05","guid":{"rendered":"http:\/\/www.centraldenoticias.com.ar\/?p=23665"},"modified":"2021-06-10T19:41:29","modified_gmt":"2021-06-10T22:41:29","slug":"ovnis-en-olavarria-la-palabra-del-vecino-que-tomo-las-fotos","status":"publish","type":"post","link":"https:\/\/cdnoticias.com\/index.php\/2021\/06\/10\/ovnis-en-olavarria-la-palabra-del-vecino-que-tomo-las-fotos\/","title":{"rendered":"Ovnis en Olavarr\u00eda: La palabra del vecino que tom\u00f3 las fotos"},"content":{"rendered":"<p>Claudio Bonino, un investigador local relat\u00f3 a Radio Universidad lo que vio en el cielo local d\u00edas atr\u00e1s. Explic\u00f3 por qu\u00e9 se reiteran estos avistamientos en la regi\u00f3n, adem\u00e1s de dar consejos para captar estos sucesos.<!--more--><\/p>\n<hr \/>\n<p><strong>\u201cHace 17 a\u00f1os que investigo este tema, pero nunca se me hab\u00eda dado una oportunidad como esta\u201d<\/strong>, narr\u00f3 en la ma\u00f1ana de este jueves Claudio Bonino en una entrevista con Radio Universidad 90.1. Se trata del olavarriense que a fines de la semana pasada sac\u00f3 una foto de un objeto volador no identificado, <strong>cuya veracidad fue ratificada horas m\u00e1s tarde desde el Centro de Investigaci\u00f3n Ovni Argentina.<\/strong><\/p>\n<p>&nbsp;<\/p>\n<p><iframe loading=\"lazy\" style=\"border: none; overflow: hidden;\" src=\"https:\/\/www.facebook.com\/plugins\/post.php?href=https%3A%2F%2Fwww.facebook.com%2Fpermalink.php%3Fstory_fbid%3D2772591999718470%26id%3D1767552040222476&amp;show_text=true&amp;width=500\" width=\"500\" height=\"645\" frameborder=\"0\" scrolling=\"no\" allowfullscreen=\"allowfullscreen\"><\/iframe><\/p>\n<p>&nbsp;<\/p>\n<p>El olavarriense se\u00f1al\u00f3 que todo ocurri\u00f3 en la ma\u00f1ana del pasado viernes 4 de junio, cuando se alistaba para ir a recibir la vacuna contra el Coronavirus. \u201cSalgo para sacar mi veh\u00edculo del garaje, como todo investigador u observador de estos temas, lo primero que hace uno cuando sale es siempre mirar para arriba\u201d, inici\u00f3 su relato. <strong>\u201cEl d\u00eda estaba nublado, pero cuando miro hacia arriba, ah\u00ed nom\u00e1s, cerca m\u00edo, a la altura de las nubes veo algo que me pareci\u00f3 raro, extra\u00f1o\u201d<\/strong>, agreg\u00f3 a medida que daba cuenta que no se trat\u00f3 de un \u00fanico objeto, sino alrededor de una decena. \u201cEn total ser\u00edan entre 8 y 10, iban en formaci\u00f3n, pero en forma lenta\u201d, complet\u00f3.<\/p>\n<p>&nbsp;<\/p>\n<p><iframe id=\"audio_71261476\" style=\"width: 100%;\" src=\"https:\/\/ar.ivoox.com\/es\/player_ej_71261476_6_1.html\" height=\"200\" frameborder=\"0\" scrolling=\"no\" allowfullscreen=\"allowfullscreen\"><\/iframe><\/p>\n<p>&nbsp;<\/p>\n<p><strong>\u201cMe lo quedo observando durante 10 minutos, y me extra\u00f1\u00f3 que no variaba la forma, fue por eso que decid\u00ed sacar mi celular y sacar las fotos al m\u00e1ximo de zoom\u201d<\/strong>, narr\u00f3 mientras se lamentaba no haber tambi\u00e9n tomado fotos del resto de los ovnis. \u00a0Luego, se sincer\u00f3 que debi\u00f3 abandonar el avistaje ya que se le hac\u00eda tarde para llegar a la vacunaci\u00f3n. \u201ccuando vuelvo a mi casa y observo el cielo ya no hab\u00eda m\u00e1s nada\u201d, se\u00f1al\u00f3.<\/p>\n<p>&nbsp;<\/p>\n<p><img data-recalc-dims=\"1\" loading=\"lazy\" decoding=\"async\" class=\"alignnone size-full wp-image-23666\" src=\"https:\/\/i0.wp.com\/cdnoticias.com\/wp-content\/uploads\/2021\/06\/195688851_2772591806385156_6952244065740106534_n-e1623364493168.jpg?resize=714%2C448&#038;ssl=1\" alt=\"\" width=\"714\" height=\"448\" srcset=\"https:\/\/i0.wp.com\/cdnoticias.com\/wp-content\/uploads\/2021\/06\/195688851_2772591806385156_6952244065740106534_n-e1623364493168.jpg?w=714&amp;ssl=1 714w, https:\/\/i0.wp.com\/cdnoticias.com\/wp-content\/uploads\/2021\/06\/195688851_2772591806385156_6952244065740106534_n-e1623364493168.jpg?resize=300%2C188&amp;ssl=1 300w\" sizes=\"auto, (max-width: 714px) 100vw, 714px\" \/><\/p>\n<p>&nbsp;<\/p>\n<p>Sin embargo, el registro fotogr\u00e1fico obtenido bast\u00f3 y sobr\u00f3, ya que horas m\u00e1s tarde desde el Centro de Investigaci\u00f3n Ovni Argentina le ratificar\u00edan la veracidad de las im\u00e1genes luego de someterlas a diversos an\u00e1lisis, seg\u00fan expres\u00f3 el especialista local.<strong> \u201cA la foto se le pasa un programa donde tienen muchos filtros, en ese proceso lo que se logra determinar que si esto hubiera sido una nube, en el proceso todo te sale del mismo tono, textura. Cuando esto es s\u00f3lido, algo que no forma parte del cielo, sale de una manera distinta\u201d, explic\u00f3 a la par que refer\u00eda que conclusiones similares llegaron otros estudiosos del tema tanto de Olavarr\u00eda como de La Plata.<\/strong><\/p>\n<p>&nbsp;<\/p>\n<p><em><strong>\u201cEs normal que se vean avistamientos en esta zona\u201d<\/strong><\/em><\/p>\n<p>&nbsp;<\/p>\n<p>Bonino enfatiz\u00f3 que esta situaci\u00f3n lejos est\u00e1 de ser una novedad, sino que se tiene registro de episodios similares no s\u00f3lo en Olavarr\u00eda, sino en toda la regi\u00f3n. Tal es as\u00ed, que explic\u00f3 tambi\u00e9n a qu\u00e9 se debe esta particularidad. <strong>\u201cLa tierra tiene puntos energ\u00e9ticos, ya naturales, es como que utilizan esos puntos energ\u00e9ticos como portales. Casualmente Olavarr\u00eda est\u00e1 en el centro de dos puntos energ\u00e9ticos, que se podr\u00edan llamar para ellos portales, tenemos uno entre Olavarr\u00eda y Bol\u00edvar, y otro hacia el lado de las Sierras nuestras, para el lado de Tandil. Es normal que se vean avistamientos en esta zona, ellos utilizan ese tipo de energ\u00eda para trasladarse o como medio de propulsi\u00f3n para este tipo de veh\u00edculos\u201d<\/strong>, explic\u00f3.<\/p>\n<p>&nbsp;<\/p>\n<p><img data-recalc-dims=\"1\" loading=\"lazy\" decoding=\"async\" class=\"alignnone size-large wp-image-23668\" src=\"https:\/\/i0.wp.com\/cdnoticias.com\/wp-content\/uploads\/2021\/06\/196688000_2772591456385191_2407397029014004171_n-e1623364594866-1024x566.jpg?resize=800%2C442&#038;ssl=1\" alt=\"\" width=\"800\" height=\"442\" srcset=\"https:\/\/i0.wp.com\/cdnoticias.com\/wp-content\/uploads\/2021\/06\/196688000_2772591456385191_2407397029014004171_n-e1623364594866.jpg?resize=1024%2C566&amp;ssl=1 1024w, https:\/\/i0.wp.com\/cdnoticias.com\/wp-content\/uploads\/2021\/06\/196688000_2772591456385191_2407397029014004171_n-e1623364594866.jpg?resize=300%2C166&amp;ssl=1 300w, https:\/\/i0.wp.com\/cdnoticias.com\/wp-content\/uploads\/2021\/06\/196688000_2772591456385191_2407397029014004171_n-e1623364594866.jpg?resize=768%2C425&amp;ssl=1 768w, https:\/\/i0.wp.com\/cdnoticias.com\/wp-content\/uploads\/2021\/06\/196688000_2772591456385191_2407397029014004171_n-e1623364594866.jpg?w=1592&amp;ssl=1 1592w\" sizes=\"auto, (max-width: 800px) 100vw, 800px\" \/><\/p>\n<p>&nbsp;<\/p>\n<p>Dio cuenta tambi\u00e9n de largas jornadas mirando el cielo y gracias a ello poder discernir qu\u00e9 entre un Ovni y cualquier otro objeto volador. Para ello tiene<strong> vital importancia las denominadas tablas de sat\u00e9lites, que detallan las trayectorias de cada uno, \u201cnos guiamos por esas tablas\u201d, se\u00f1al\u00f3<\/strong>. \u201cUn sat\u00e9lite mantiene esa trayectoria, si est\u00e1s observando algo que en alg\u00fan momento desv\u00eda su trayectoria, se lo puede denominar como un Objeto Volador No Identificado\u201d, complet\u00f3.<\/p>\n<p>&nbsp;<\/p>\n<p><img data-recalc-dims=\"1\" loading=\"lazy\" decoding=\"async\" class=\"alignnone size-full wp-image-23671\" src=\"https:\/\/i0.wp.com\/cdnoticias.com\/wp-content\/uploads\/2021\/06\/ovni.jpg?resize=800%2C445&#038;ssl=1\" alt=\"\" width=\"800\" height=\"445\" srcset=\"https:\/\/i0.wp.com\/cdnoticias.com\/wp-content\/uploads\/2021\/06\/ovni.jpg?w=800&amp;ssl=1 800w, https:\/\/i0.wp.com\/cdnoticias.com\/wp-content\/uploads\/2021\/06\/ovni.jpg?resize=300%2C167&amp;ssl=1 300w, https:\/\/i0.wp.com\/cdnoticias.com\/wp-content\/uploads\/2021\/06\/ovni.jpg?resize=768%2C427&amp;ssl=1 768w\" sizes=\"auto, (max-width: 800px) 100vw, 800px\" \/><\/p>\n<p>&nbsp;<\/p>\n<p>Por \u00faltimo, a modo de consejo para cualquier amateur u ocasional testigo de Ovni, <strong>recomend\u00f3 tener la c\u00e1mara fotogr\u00e1fica del tel\u00e9fono configurada en \u201cmodo r\u00e1faga\u201d para poder asegurarse el registro de aquello que ven en el cielo, adem\u00e1s de hacerlo con el mayor zoom posible<\/strong>. Luego, por \u00faltimo, mencion\u00f3 que en Facebook podr\u00e1n encontrar el<a href=\"https:\/\/www.facebook.com\/Centro-De-Investigaci%C3%B3n-OVNI-Argentina-1767552040222476\/\" target=\"_blank\" rel=\"noopener\"> Centro de Investigaci\u00f3n Ovni<\/a>\u00a0para poder canalizar cualquier inquietud.<\/p>\n","protected":false},"excerpt":{"rendered":"<p>Claudio Bonino, un investigador local relat\u00f3 a Radio Universidad lo que vio en el cielo local d\u00edas atr\u00e1s. Explic\u00f3 por<\/p>\n","protected":false},"author":2,"featured_media":23667,"comment_status":"closed","ping_status":"closed","sticky":false,"template":"","format":"standard","meta":{"_jetpack_memberships_contains_paid_content":false,"footnotes":""},"categories":[5,1],"tags":[],"class_list":["post-23665","post","type-post","status-publish","format-standard","has-post-thumbnail","hentry","category-informacion-general","category-portada"],"jetpack_featured_media_url":"https:\/\/i0.wp.com\/cdnoticias.com\/wp-content\/uploads\/2021\/06\/197478654_2772591626385174_3668831816265736308_n-e1623364479411.jpg?fit=2022%2C1141&ssl=1","jetpack_sharing_enabled":true,"_links":{"self":[{"href":"https:\/\/cdnoticias.com\/index.php\/wp-json\/wp\/v2\/posts\/23665","targetHints":{"allow":["GET"]}}],"collection":[{"href":"https:\/\/cdnoticias.com\/index.php\/wp-json\/wp\/v2\/posts"}],"about":[{"href":"https:\/\/cdnoticias.com\/index.php\/wp-json\/wp\/v2\/types\/post"}],"author":[{"embeddable":true,"href":"https:\/\/cdnoticias.com\/index.php\/wp-json\/wp\/v2\/users\/2"}],"replies":[{"embeddable":true,"href":"https:\/\/cdnoticias.com\/index.php\/wp-json\/wp\/v2\/comments?post=23665"}],"version-history":[{"count":0,"href":"https:\/\/cdnoticias.com\/index.php\/wp-json\/wp\/v2\/posts\/23665\/revisions"}],"wp:featuredmedia":[{"embeddable":true,"href":"https:\/\/cdnoticias.com\/index.php\/wp-json\/wp\/v2\/media\/23667"}],"wp:attachment":[{"href":"https:\/\/cdnoticias.com\/index.php\/wp-json\/wp\/v2\/media?parent=23665"}],"wp:term":[{"taxonomy":"category","embeddable":true,"href":"https:\/\/cdnoticias.com\/index.php\/wp-json\/wp\/v2\/categories?post=23665"},{"taxonomy":"post_tag","embeddable":true,"href":"https:\/\/cdnoticias.com\/index.php\/wp-json\/wp\/v2\/tags?post=23665"}],"curies":[{"name":"wp","href":"https:\/\/api.w.org\/{rel}","templated":true}]}}