{"id":23660,"date":"2021-06-10T19:09:39","date_gmt":"2021-06-10T22:09:39","guid":{"rendered":"http:\/\/www.centraldenoticias.com.ar\/?p=23660"},"modified":"2021-06-10T19:09:39","modified_gmt":"2021-06-10T22:09:39","slug":"se-retoman-las-actividades-en-los-espacios-culturales-municipales","status":"publish","type":"post","link":"https:\/\/cdnoticias.com\/index.php\/2021\/06\/10\/se-retoman-las-actividades-en-los-espacios-culturales-municipales\/","title":{"rendered":"Se retoman las actividades en los espacios culturales municipales"},"content":{"rendered":"<p>El pase a Fase 4 tambi\u00e9n permite el retorno de muchas actividades que se hallaban suspendidas desde marzo. <strong>Todo el cronograma y alternativas.<\/strong><!--more--><\/p>\n<hr \/>\n<p>Seg\u00fan se enfatiz\u00f3 desde el municipio en la tarde\u00a0 de este jueves, <strong>la noticia del pase a Fase 4 vino acompa\u00f1ada de la reapertura de los espacios culturales municipales, que debieron suspender sus actividades desde el mes de marzo.<\/strong><\/p>\n<p>&nbsp;<\/p>\n<p>Es a ra\u00edz de este nuevo decreto, que regir\u00e1 hasta el 28 de junio, que se dieron a conocer los <strong>nuevos d\u00edas y horarios para que los olavarrienses puedan volver a disfrutar de las numerosas propuestas que se ofrecen.<\/strong><\/p>\n<p>&nbsp;<\/p>\n<blockquote><p>Este fin de semana abrir\u00e1n sus puertas el Centro Cultural San Jos\u00e9, el Museo D\u00e1maso Arce, el Museo Municipal de las Ciencias, el Museo Municipal \u201cHnos. Emiliozzi\u201d y los Museos Municipales de los Pueblos. Mientras que el pr\u00f3ximo fin de semana lo har\u00e1 el Bioparque Municipal \u201cLa M\u00e1xima.<\/p><\/blockquote>\n<p>&nbsp;<\/p>\n<p>Por otro lado se inform\u00f3 que<strong> el Teatro Municipal seguir\u00e1 brindando el espacio para producci\u00f3n y\/o grabaci\u00f3n de contenido para transmisi\u00f3n y\/o reproducci\u00f3n a trav\u00e9s de medios digitales y\/o plataformas web (\u201cstreaming\u201d)<\/strong>; ensayo de obras musicales, teatrales y talleres culturales. Actualmente se encuentran ensayando los elencos del Ballet Folkl\u00f3rico Municipal y la Orquesta Sinf\u00f3nica Municipal \u201cMtro. Mario Patan\u00e9\u201d. Los interesados en reservar espacio pueden comunicarse al mail: teatromunicipal@olavarria.gov.ar<\/p>\n<p>&nbsp;<\/p>\n<p>Asimismo, desde la Direcci\u00f3n de Cultura indicaron que este fin de semana y el pr\u00f3ximo, se estar\u00e1 desarrollando una Feria de artesanos en la zona de la plaza Aguado (Brown y Del Valle). Ser\u00e1 los d\u00edas s\u00e1bados, domingos y feriados de 12 a 19 horas. Por consultas pueden comunicarse al tel\u00e9fono: 427180 \u2013 426053 (De lunes a viernes de 8:30 a 12:30 horas) \u2013 Mail: dircultura@olavarria.gov.ar<\/p>\n<p>&nbsp;<\/p>\n<p><img data-recalc-dims=\"1\" loading=\"lazy\" decoding=\"async\" class=\"alignnone size-large wp-image-5370\" src=\"https:\/\/i0.wp.com\/cdnoticias.com\/wp-content\/uploads\/2020\/11\/Fachada-Centro-Cultural-1024x682-1024x682.jpg?resize=800%2C533&#038;ssl=1\" alt=\"\" width=\"800\" height=\"533\" \/><\/p>\n<p>&nbsp;<\/p>\n<p><em><strong>Centro Cultural San Jos\u00e9<\/strong><\/em>:\u00a0D\u00edas y horarios de apertura: viernes, s\u00e1bados y domingos de 15 a 19 horas<\/p>\n<p>&nbsp;<\/p>\n<p>Espacios:<\/p>\n<p>Sala 1:\u00a0\u00a0 SALA TALLER\u00a0 \u201cLaboratorio de Brenda\u201d con inscripci\u00f3n previa<\/p>\n<p>Sala 2:\u00a0\u00a0\u00a0\u00a0 PDA [premios, donaciones y adquisiciones del Centro Cultural San Jos\u00e9]<\/p>\n<p>Sala 3:\u00a0 \u00a0\u00a0Maximiliano Romero esculturas<\/p>\n<p>Auditorio: muestra de la Mujer \u201cA LA MUJER EN CASA NADA LE PASA\u201d<\/p>\n<p>&nbsp;<\/p>\n<p><em>Talleres:<\/em>\u00a0LABORATORIO DE BRENDA; TALLER DE ORIGAMI<\/p>\n<p>&nbsp;<\/p>\n<p>D\u00edas: viernes, s\u00e1bados y domingos. Hora: 16 hs. Cupo: 6 personas.\u00a0Edad: de 10 en adelante.\u00a0Inscripci\u00f3n previa al: guiadasccm@olavarria.gov.ar<\/p>\n<p>&nbsp;<\/p>\n<p><em>Visitas guiadas con el\u00a0 artista:<\/em><\/p>\n<p>Un recorrido por las obras escult\u00f3ricas del artista Maximiliano Romero, realizado por el mismo Artista.\u00a0D\u00edas: S\u00e1bado 12 y\u00a0 19 de junio, hora: 16 hs. Lugar de encuentro: Sala 3<\/p>\n<p>&nbsp;<\/p>\n<p><img data-recalc-dims=\"1\" loading=\"lazy\" decoding=\"async\" class=\"alignnone size-large wp-image-13429\" src=\"https:\/\/i0.wp.com\/cdnoticias.com\/wp-content\/uploads\/2021\/02\/Centro-Cultural-san-jos%C3%A9-1024x682-1024x682.jpg?resize=800%2C533&#038;ssl=1\" alt=\"\" width=\"800\" height=\"533\" srcset=\"https:\/\/i0.wp.com\/cdnoticias.com\/wp-content\/uploads\/2021\/02\/Centro-Cultural-san-jos%C3%A9-1024x682.jpg?resize=1024%2C682&amp;ssl=1 1024w, https:\/\/i0.wp.com\/cdnoticias.com\/wp-content\/uploads\/2021\/02\/Centro-Cultural-san-jos%C3%A9-1024x682.jpg?resize=300%2C200&amp;ssl=1 300w, https:\/\/i0.wp.com\/cdnoticias.com\/wp-content\/uploads\/2021\/02\/Centro-Cultural-san-jos%C3%A9-1024x682.jpg?resize=768%2C512&amp;ssl=1 768w, https:\/\/i0.wp.com\/cdnoticias.com\/wp-content\/uploads\/2021\/02\/Centro-Cultural-san-jos%C3%A9-1024x682.jpg?resize=272%2C182&amp;ssl=1 272w\" sizes=\"auto, (max-width: 800px) 100vw, 800px\" \/><\/p>\n<p>&nbsp;<\/p>\n<p><em>Actividades paralelas:<\/em><\/p>\n<p>EL SHOW DEL GRAN JORGE: D\u00eda: Domingo 20, hora: 16 hs. Espacio: deck patio.\u00a0Cupo limitado por orden de llegada.\u00a0Actividad\u00a0 a la gorra.\u00a0Se suspende en caso de mal tiempo.<\/p>\n<p>Consultas y contacto:\u00a0Mail: centrocultural.sanjose@olavarria.gov.ar;\u00a0Facebook: Centro Cultural SAN JOSE;\u00a0IG: @centrocultural.sanjose<\/p>\n<p>&nbsp;<\/p>\n<p><em><strong>MDA<\/strong><\/em><\/p>\n<p>D\u00edas y horarios de apertura: viernes de 8 a 12 horas. S\u00e1bados, domingos y feriados: de 15 a 18 horas.<\/p>\n<p>El Museo Municipal D\u00e1maso Arce ofrece un recorrido por su patrimonio art\u00edstico.\u00a0Consultas y contacto:\u00a0Facebook: Museo D\u00e1maso Arce;\u00a0Instagram: @museodamasoarce;\u00a0Youtube: Museo D\u00e1maso Arce; Mail: museo.damasoarce@olavarria.gov.ar<\/p>\n<p>&nbsp;<\/p>\n<p><em><strong>Museo Municipal \u201cHnos. Emiliozzi\u201d<\/strong><\/em><\/p>\n<p>D\u00edas y horarios de apertura: viernes de 8 a 12 horas. S\u00e1bados, domingos y feriados: de 15 a 18 horas. El Museo Municipal \u201cHnos. Emiliozzi\u201d rinde homenaje a la historia de los gringos de Olavarr\u00eda. Consultas y contacto: Facebook: @Museomunicipalhnosemiliozzi;\u00a0IG: museohermanosemiliozzi;\u00a0Twitter: @MuseoEmiliozzi;\u00a0museohnosemiliozzi@olavarria.gov.ar<\/p>\n<p>&nbsp;<\/p>\n<p><em><strong>Museo Municipal de las Ciencias<\/strong><\/em><\/p>\n<p>D\u00edas y horarios de apertura: lunes a viernes de 8 a 12 horas. S\u00e1bado, domingos y feriados de 15 a 18 horas. El Museo Municipal de las Ciencias propone interpretar de la ciencia desde una mirada l\u00fadica y educativa.\u00a0Consultas y contactos:\u00a0Facebook: Museo de las Ciencias \u2013 Olavarr\u00eda;\u00a0Instagram: @museo_ciencias_olav;\u00a0Mail: museodelasciencias@olavarria.gov.ar<\/p>\n<p>&nbsp;<\/p>\n<p><em><strong>Bioparque Municipal \u201cLa M\u00e1xima\u201d<\/strong><\/em><\/p>\n<p>D\u00edas y horarios de apertura: s\u00e1bados, domingos y feriados de 13 a 1 horas.\u00a0El Bioparque Municipal \u201cLa M\u00e1xima\u201d es un espacio que busca combinar la naturaleza con la educaci\u00f3n.\u00a0Consultas y contacto:\u00a0Mail: parquelamaxima@olavarria.gov.ar;\u00a0Facebook: Bioparque Municipal La M\u00e1xima<\/p>\n<p>&nbsp;<\/p>\n<p><em><strong>Museos Municipales de los Pueblos<\/strong><\/em><\/p>\n<p>D\u00edas y horarios de apertura: lunes a viernes de 8 a 12 horas. S\u00e1bados, domingo y feriados de 15\u00a0 a 18 horas.<\/p>\n<p>Los Museos Municipales de los Pueblos promueven, divulgan y conservan la historia y patrimonio de cada una de nuestras localidades.<\/p>\n<p>&nbsp;<\/p>\n<p><em><strong>Consultas y contactos:<\/strong><\/em><\/p>\n<p>&nbsp;<\/p>\n<p><em><strong>Museo Loma Negra<\/strong><\/em><\/p>\n<p>\u2013 museo.lomanegra@olavarria.gov.ar<\/p>\n<p>\u2013 Museo Hogar Municipal Loma Negra ( Facebook)<\/p>\n<p>\u2013 Museo Hogar Loma Negra (Instagram)<\/p>\n<p>&nbsp;<\/p>\n<p><em><strong>Museo Hinojo<\/strong><\/em><\/p>\n<p>\u2013 celeste.guasura@olavarria.gov.ar<\/p>\n<p>\u2013 Museo Hinojo (Facebook)<\/p>\n<p>&nbsp;<\/p>\n<p><em><strong>Museo Colonia San Miguel<\/strong><\/em><\/p>\n<p>\u2013 claudiaquin07@hotmail.com<\/p>\n<p>\u2013 Amigos del Museo Municipal Miguel Stoessel Muller (Facebook)<\/p>\n<p>&nbsp;<\/p>\n<p><em><strong>Museo Espigas<\/strong><\/em><\/p>\n<p>\u2013museo.espigas@olavarriagov.ar<\/p>\n<p>\u2013anabela.pereyra@olavarria.gov.ar<\/p>\n<p>&nbsp;<\/p>\n<p><em><strong>Museo de Sierras Bayas<\/strong><\/em><\/p>\n<p>\u2013sandra.mallegni@olavarriagov.ar<\/p>\n<p>&nbsp;<\/p>\n<p><em><strong>Museo de Sierra Chica<\/strong><\/em><\/p>\n<p>\u2013monica.mendia@hotmail.com<\/p>\n<p>-Amigos del Museo Emma Occhi de Sierra Chica (facebook)<\/p>\n<p>&nbsp;<\/p>\n<p><em><strong>Museo de Colonia Hinojo<\/strong><\/em><\/p>\n<p>\u2013museo.coloniahinojo@olavarriagov.ar<\/p>\n<p>-Amigos del Museo Municipal de Alemanes del Volga \u201cAriel Chierico\u201d (facebook)<\/p>\n<p>&nbsp;<\/p>\n<p><em><strong>Museo de los Pueblos<\/strong><\/em><\/p>\n<p>-Museos de los Pueblos ( facebook)<\/p>\n<p>-Museo de los pueblos Municipales (Instagram)<\/p>\n","protected":false},"excerpt":{"rendered":"<p>El pase a Fase 4 tambi\u00e9n permite el retorno de muchas actividades que se hallaban suspendidas desde marzo. Todo el<\/p>\n","protected":false},"author":2,"featured_media":17650,"comment_status":"closed","ping_status":"closed","sticky":false,"template":"","format":"standard","meta":{"_jetpack_memberships_contains_paid_content":false,"footnotes":""},"categories":[9,1],"tags":[],"class_list":["post-23660","post","type-post","status-publish","format-standard","has-post-thumbnail","hentry","category-cultura","category-portada"],"jetpack_featured_media_url":"https:\/\/i0.wp.com\/cdnoticias.com\/wp-content\/uploads\/2021\/03\/Cultura-Patio-Centro-Cultural-3-1024x682.jpg?fit=1024%2C682&ssl=1","jetpack_sharing_enabled":true,"_links":{"self":[{"href":"https:\/\/cdnoticias.com\/index.php\/wp-json\/wp\/v2\/posts\/23660","targetHints":{"allow":["GET"]}}],"collection":[{"href":"https:\/\/cdnoticias.com\/index.php\/wp-json\/wp\/v2\/posts"}],"about":[{"href":"https:\/\/cdnoticias.com\/index.php\/wp-json\/wp\/v2\/types\/post"}],"author":[{"embeddable":true,"href":"https:\/\/cdnoticias.com\/index.php\/wp-json\/wp\/v2\/users\/2"}],"replies":[{"embeddable":true,"href":"https:\/\/cdnoticias.com\/index.php\/wp-json\/wp\/v2\/comments?post=23660"}],"version-history":[{"count":0,"href":"https:\/\/cdnoticias.com\/index.php\/wp-json\/wp\/v2\/posts\/23660\/revisions"}],"wp:featuredmedia":[{"embeddable":true,"href":"https:\/\/cdnoticias.com\/index.php\/wp-json\/wp\/v2\/media\/17650"}],"wp:attachment":[{"href":"https:\/\/cdnoticias.com\/index.php\/wp-json\/wp\/v2\/media?parent=23660"}],"wp:term":[{"taxonomy":"category","embeddable":true,"href":"https:\/\/cdnoticias.com\/index.php\/wp-json\/wp\/v2\/categories?post=23660"},{"taxonomy":"post_tag","embeddable":true,"href":"https:\/\/cdnoticias.com\/index.php\/wp-json\/wp\/v2\/tags?post=23660"}],"curies":[{"name":"wp","href":"https:\/\/api.w.org\/{rel}","templated":true}]}}