{"id":2366,"date":"2020-09-24T16:25:52","date_gmt":"2020-09-24T19:25:52","guid":{"rendered":"http:\/\/www.centraldenoticias.com.ar\/?p=2366"},"modified":"2020-09-24T19:03:37","modified_gmt":"2020-09-24T22:03:37","slug":"mabel-menchaca-quinteros-viuda-de-torres-q-e-p-d","status":"publish","type":"post","link":"https:\/\/cdnoticias.com\/index.php\/2020\/09\/24\/mabel-menchaca-quinteros-viuda-de-torres-q-e-p-d\/","title":{"rendered":"Mabel Edilma Menchaca Quinteros viuda de Torres (Q.E.P.D.)"},"content":{"rendered":"<p>Falleci\u00f3 en Olavarr\u00eda a los 93 a\u00f1os de edad. Su hija Daniela, sus sobrinos Marina, Mariano y Adri\u00e1n; sus hijos del coraz\u00f3n Cesar, Alejandra y Jesica; sus nietos del coraz\u00f3n Sim\u00f3n, Bautista y Tomas; sus hermanos Abel y Julia; sus cu\u00f1adas, sus amigos Alicia, Alberto, Elba y dem\u00e1s deudos participan su fallecimiento.<\/p>\n<p>&nbsp;<\/p>\n<p>Sus restos ser\u00e1n inhumados en el cementerio Loma de Paz este viernes a las 10:30. Vecina de Barrio Jard\u00edn. Oriunda de Gral. La Madrid. Jubilada.<\/p>\n","protected":false},"excerpt":{"rendered":"<p>Falleci\u00f3 en Olavarr\u00eda a los 93 a\u00f1os de edad. Su hija Daniela, sus sobrinos Marina, Mariano y Adri\u00e1n; sus hijos<\/p>\n","protected":false},"author":2,"featured_media":0,"comment_status":"closed","ping_status":"closed","sticky":false,"template":"","format":"standard","meta":{"_jetpack_memberships_contains_paid_content":false,"footnotes":""},"categories":[10],"tags":[],"class_list":["post-2366","post","type-post","status-publish","format-standard","hentry","category-necrologicas"],"jetpack_featured_media_url":"","jetpack_sharing_enabled":true,"_links":{"self":[{"href":"https:\/\/cdnoticias.com\/index.php\/wp-json\/wp\/v2\/posts\/2366","targetHints":{"allow":["GET"]}}],"collection":[{"href":"https:\/\/cdnoticias.com\/index.php\/wp-json\/wp\/v2\/posts"}],"about":[{"href":"https:\/\/cdnoticias.com\/index.php\/wp-json\/wp\/v2\/types\/post"}],"author":[{"embeddable":true,"href":"https:\/\/cdnoticias.com\/index.php\/wp-json\/wp\/v2\/users\/2"}],"replies":[{"embeddable":true,"href":"https:\/\/cdnoticias.com\/index.php\/wp-json\/wp\/v2\/comments?post=2366"}],"version-history":[{"count":0,"href":"https:\/\/cdnoticias.com\/index.php\/wp-json\/wp\/v2\/posts\/2366\/revisions"}],"wp:attachment":[{"href":"https:\/\/cdnoticias.com\/index.php\/wp-json\/wp\/v2\/media?parent=2366"}],"wp:term":[{"taxonomy":"category","embeddable":true,"href":"https:\/\/cdnoticias.com\/index.php\/wp-json\/wp\/v2\/categories?post=2366"},{"taxonomy":"post_tag","embeddable":true,"href":"https:\/\/cdnoticias.com\/index.php\/wp-json\/wp\/v2\/tags?post=2366"}],"curies":[{"name":"wp","href":"https:\/\/api.w.org\/{rel}","templated":true}]}}