{"id":23641,"date":"2021-06-10T15:41:47","date_gmt":"2021-06-10T18:41:47","guid":{"rendered":"http:\/\/www.centraldenoticias.com.ar\/?p=23641"},"modified":"2021-06-10T17:56:07","modified_gmt":"2021-06-10T20:56:07","slug":"secuestro-de-cocaina-vamos-a-pedir-la-nulidad-de-la-imputacion","status":"publish","type":"post","link":"https:\/\/cdnoticias.com\/index.php\/2021\/06\/10\/secuestro-de-cocaina-vamos-a-pedir-la-nulidad-de-la-imputacion\/","title":{"rendered":"Secuestro de coca\u00edna: \u201cVamos a pedir la nulidad de la imputaci\u00f3n\u201d"},"content":{"rendered":"<p>El doctor Sergio Rold\u00e1n, defensor de Pedro Casta\u00f1ares, relat\u00f3 que su cliente declar\u00f3 ante la Justicia y que se deslig\u00f3 de la cochera donde fue hallada la coca\u00edna. Los detalles.<!--more--><\/p>\n<hr \/>\n<p><strong>\u201cEntendemos que Casta\u00f1ares no tiene nada que ver el material secuestrado\u201d<\/strong>, de esa manera el doctor Sergio Roldan plante\u00f3 a <strong>Central de Noticias<\/strong> cu\u00e1l va a ser la postura que va a llevar adelante en el marco de la defensa de <a href=\"https:\/\/cdnoticias.com\/index.php\/2021\/06\/09\/en-conferencia-de-prensa-se-anuncio-la-detencion-de-un-olavarriense-por-el-historico-secuestro-de-cocaina\/\" target=\"_blank\" rel=\"noopener\">Pedro Rolando Casta\u00f1ares<\/a>, el olavarriense que fue detenido en las \u00faltimas horas y se lo acusa de ser el due\u00f1o de los<a href=\"https:\/\/cdnoticias.com\/index.php\/2021\/06\/07\/es-el-secuestro-de-cocaina-mas-importante-de-la-historia-de-olavarria\/\" target=\"_blank\" rel=\"noopener\"> m\u00e1s de 7 kilos de coca\u00edna que fueron hallados en el interior de un complejo de cocheras en el barrio UTA.<\/a><\/p>\n<p>&nbsp;<\/p>\n<p><img data-recalc-dims=\"1\" loading=\"lazy\" decoding=\"async\" class=\"alignnone size-full wp-image-23642\" src=\"https:\/\/i0.wp.com\/cdnoticias.com\/wp-content\/uploads\/2021\/06\/roldan.jpg?resize=800%2C445&#038;ssl=1\" alt=\"\" width=\"800\" height=\"445\" srcset=\"https:\/\/i0.wp.com\/cdnoticias.com\/wp-content\/uploads\/2021\/06\/roldan.jpg?w=800&amp;ssl=1 800w, https:\/\/i0.wp.com\/cdnoticias.com\/wp-content\/uploads\/2021\/06\/roldan.jpg?resize=300%2C167&amp;ssl=1 300w, https:\/\/i0.wp.com\/cdnoticias.com\/wp-content\/uploads\/2021\/06\/roldan.jpg?resize=768%2C427&amp;ssl=1 768w\" sizes=\"auto, (max-width: 800px) 100vw, 800px\" \/><\/p>\n<p>&nbsp;<\/p>\n<p>En la jornada de este jueves se concret\u00f3 la audiencia de declaraci\u00f3n indagatoria, que fue liderada por el fiscal en estupefacientes, Lucas Moyano. Casta\u00f1ares concurri\u00f3 junto a su defensor particular, Sergio Rold\u00e1n, quien en di\u00e1logo con este portal se\u00f1al\u00f3 que su cliente no se proclam\u00f3 acerca del hallazgo de estupefacientes, sino que \u00fanicamente lo hizo <strong>con respecto al contrato de alquiler de una de las cocheras, que no ser\u00eda precisamente en la que se encontraron los \u201cpanes\u201d de coca\u00edna.<\/strong><\/p>\n<p>&nbsp;<\/p>\n<p><strong>\u201cNada tiene que ver\u201d<\/strong>, enfatiz\u00f3 el letrado olavarriense a medida que daba cuenta que en los documentos que ya son parte de la causa se lo<strong> ubicar\u00eda a Casta\u00f1ares como locatario del a cochera 4, mientras que la sustancia y armas habr\u00edan sido incautadas de la n\u00famero<\/strong> 8. En ese marco, se\u00f1al\u00f3 que en primera instancia tendr\u00e1 que aclararse la situaci\u00f3n de los otros dos inquilinos, en alusi\u00f3n a uno que presuntamente habr\u00eda dejado de pagar por ese espacio y su sucesor, quien abrir el lugar permiti\u00f3 el hallazgo.<\/p>\n<p>&nbsp;<\/p>\n<blockquote><p>Rold\u00e1n revel\u00f3 que a Casta\u00f1ares ya le fue conseguido un cupo para ser alojado en la Unidad 2 de Sierra Chica.<\/p><\/blockquote>\n<p>&nbsp;<\/p>\n<p>Fue por ello que anticip\u00f3 que <strong>\u201cvamos a plantear la nulidad de la imputaci\u00f3n\u201d<\/strong> y, adem\u00e1s, el cambio de competencia para que las actuaciones migren al Fuero Federal.<\/p>\n<p>&nbsp;<\/p>\n<p>Asimismo, tambi\u00e9n enfatiz\u00f3 que requerir\u00e1 la nulidad de las tareas efectuadas en las \u00faltimas horas a partir de la \u201cp\u00e9rdida de cadena de custodia\u201d de los elementos incautados y, m\u00e1s a\u00fan, la<strong> \u201cnulidad de las escuchas telef\u00f3nicas\u201d<\/strong> que se le habr\u00edan seguido a Casta\u00f1ares en el \u00faltimo tiempo, una evidencia que fue mencionada durante la conferencia de prensa realizada en la noche del \u00faltimo mi\u00e9rcoles.<\/p>\n<p>&nbsp;<\/p>\n<p>&nbsp;<\/p>\n","protected":false},"excerpt":{"rendered":"<p>El doctor Sergio Rold\u00e1n, defensor de Pedro Casta\u00f1ares, relat\u00f3 que su cliente declar\u00f3 ante la Justicia y que se deslig\u00f3<\/p>\n","protected":false},"author":3,"featured_media":23405,"comment_status":"closed","ping_status":"closed","sticky":false,"template":"","format":"standard","meta":{"_jetpack_memberships_contains_paid_content":false,"footnotes":""},"categories":[14,1],"tags":[],"class_list":["post-23641","post","type-post","status-publish","format-standard","has-post-thumbnail","hentry","category-policiales","category-portada"],"jetpack_featured_media_url":"https:\/\/i0.wp.com\/cdnoticias.com\/wp-content\/uploads\/2021\/06\/cocaina.jpg?fit=800%2C445&ssl=1","jetpack_sharing_enabled":true,"_links":{"self":[{"href":"https:\/\/cdnoticias.com\/index.php\/wp-json\/wp\/v2\/posts\/23641","targetHints":{"allow":["GET"]}}],"collection":[{"href":"https:\/\/cdnoticias.com\/index.php\/wp-json\/wp\/v2\/posts"}],"about":[{"href":"https:\/\/cdnoticias.com\/index.php\/wp-json\/wp\/v2\/types\/post"}],"author":[{"embeddable":true,"href":"https:\/\/cdnoticias.com\/index.php\/wp-json\/wp\/v2\/users\/3"}],"replies":[{"embeddable":true,"href":"https:\/\/cdnoticias.com\/index.php\/wp-json\/wp\/v2\/comments?post=23641"}],"version-history":[{"count":0,"href":"https:\/\/cdnoticias.com\/index.php\/wp-json\/wp\/v2\/posts\/23641\/revisions"}],"wp:featuredmedia":[{"embeddable":true,"href":"https:\/\/cdnoticias.com\/index.php\/wp-json\/wp\/v2\/media\/23405"}],"wp:attachment":[{"href":"https:\/\/cdnoticias.com\/index.php\/wp-json\/wp\/v2\/media?parent=23641"}],"wp:term":[{"taxonomy":"category","embeddable":true,"href":"https:\/\/cdnoticias.com\/index.php\/wp-json\/wp\/v2\/categories?post=23641"},{"taxonomy":"post_tag","embeddable":true,"href":"https:\/\/cdnoticias.com\/index.php\/wp-json\/wp\/v2\/tags?post=23641"}],"curies":[{"name":"wp","href":"https:\/\/api.w.org\/{rel}","templated":true}]}}