{"id":2363,"date":"2020-09-24T16:31:58","date_gmt":"2020-09-24T19:31:58","guid":{"rendered":"http:\/\/www.centraldenoticias.com.ar\/?p=2363"},"modified":"2020-09-24T16:31:58","modified_gmt":"2020-09-24T19:31:58","slug":"interceptaron-a-un-adolescente-a-bordo-de-una-moto-robada","status":"publish","type":"post","link":"https:\/\/cdnoticias.com\/index.php\/2020\/09\/24\/interceptaron-a-un-adolescente-a-bordo-de-una-moto-robada\/","title":{"rendered":"Interceptaron a un adolescente a bordo de una moto robada"},"content":{"rendered":"<p>Tiene 16 a\u00f1os y guiaba un ciclomotor que ten\u00eda un pedido de secuestro por un hecho ocurrido a inicios de este a\u00f1o. Ahora se busca establecer c\u00f3mo accedi\u00f3 a ese rodado.<\/p>\n<hr \/>\n<p>&nbsp;<\/p>\n<p>En las \u00faltimas horas personal de la polic\u00eda Local, en tareas conjuntas con la comisar\u00eda Segunda, llev\u00f3 a cabo la interceptaci\u00f3n de un adolescente de 16 a\u00f1os que se movilizaba a bordo de una moto robada. <strong>Las actuaciones, en principio, fueron encuadradas como \u201cencubrimiento\u201d, todo mientras avanzan las averiguaciones para determinar c\u00f3mo accedi\u00f3 a ese rodado.<\/strong><\/p>\n<p>&nbsp;<\/p>\n<p>El procedimiento se llev\u00f3 a cabo sobre avenida Sarmiento y C\u00f3rdoba, donde los efectivos de seguridad retuvieron al conductor de una Motomel de 125 cc. Las tareas de rigor sobre <strong>el ciclomotor arrojaron que ten\u00eda un pedido de secuestro activo por un hecho ocurrido el 2 de enero de este a\u00f1o.<\/strong><\/p>\n<p>&nbsp;<\/p>\n<p><strong>El adolescente fue entregado a un mayor responsable una vez tomados los recaudos legales<\/strong>, mientras que la moto se encuentra a disposici\u00f3n de la justicia para establecer c\u00f3mo se dieron los hechos.<\/p>\n","protected":false},"excerpt":{"rendered":"<p>Tiene 16 a\u00f1os y guiaba un ciclomotor que ten\u00eda un pedido de secuestro por un hecho ocurrido a inicios de<\/p>\n","protected":false},"author":3,"featured_media":2364,"comment_status":"closed","ping_status":"closed","sticky":false,"template":"","format":"standard","meta":{"_jetpack_memberships_contains_paid_content":false,"footnotes":""},"categories":[5,1],"tags":[],"class_list":["post-2363","post","type-post","status-publish","format-standard","has-post-thumbnail","hentry","category-informacion-general","category-portada"],"jetpack_featured_media_url":"https:\/\/i0.wp.com\/cdnoticias.com\/wp-content\/uploads\/2020\/09\/moto.jpg?fit=1129%2C641&ssl=1","jetpack_sharing_enabled":true,"_links":{"self":[{"href":"https:\/\/cdnoticias.com\/index.php\/wp-json\/wp\/v2\/posts\/2363","targetHints":{"allow":["GET"]}}],"collection":[{"href":"https:\/\/cdnoticias.com\/index.php\/wp-json\/wp\/v2\/posts"}],"about":[{"href":"https:\/\/cdnoticias.com\/index.php\/wp-json\/wp\/v2\/types\/post"}],"author":[{"embeddable":true,"href":"https:\/\/cdnoticias.com\/index.php\/wp-json\/wp\/v2\/users\/3"}],"replies":[{"embeddable":true,"href":"https:\/\/cdnoticias.com\/index.php\/wp-json\/wp\/v2\/comments?post=2363"}],"version-history":[{"count":0,"href":"https:\/\/cdnoticias.com\/index.php\/wp-json\/wp\/v2\/posts\/2363\/revisions"}],"wp:featuredmedia":[{"embeddable":true,"href":"https:\/\/cdnoticias.com\/index.php\/wp-json\/wp\/v2\/media\/2364"}],"wp:attachment":[{"href":"https:\/\/cdnoticias.com\/index.php\/wp-json\/wp\/v2\/media?parent=2363"}],"wp:term":[{"taxonomy":"category","embeddable":true,"href":"https:\/\/cdnoticias.com\/index.php\/wp-json\/wp\/v2\/categories?post=2363"},{"taxonomy":"post_tag","embeddable":true,"href":"https:\/\/cdnoticias.com\/index.php\/wp-json\/wp\/v2\/tags?post=2363"}],"curies":[{"name":"wp","href":"https:\/\/api.w.org\/{rel}","templated":true}]}}