{"id":23625,"date":"2021-06-10T12:12:09","date_gmt":"2021-06-10T15:12:09","guid":{"rendered":"http:\/\/www.centraldenoticias.com.ar\/?p=23625"},"modified":"2021-06-10T12:53:54","modified_gmt":"2021-06-10T15:53:54","slug":"el-autodromo-podra-tener-pruebas-solo-para-pilotos-local","status":"publish","type":"post","link":"https:\/\/cdnoticias.com\/index.php\/2021\/06\/10\/el-autodromo-podra-tener-pruebas-solo-para-pilotos-local\/","title":{"rendered":"El aut\u00f3dromo podr\u00e1 tener pruebas solo para pilotos locales"},"content":{"rendered":"<p>El pase a Fase 4 habilit\u00f3 el regreso de la actividad en el aut\u00f3dromo &#8220;Hermanos Emiliozzi&#8221; aunque \u201cpor ahora no podr\u00e1n venir pilotos de afuera\u201d, confirm\u00f3 el Intendente Ezequiel Galli a Central de Deportes.\u00a0<!--more--><\/p>\n<hr \/>\n<p>Si quer\u00e9s saber m\u00e1s detalles sobre el regreso del automovilismo a la Ciudad, no te pierdas <a href=\"http:\/\/centraldeportes.com.ar\/el-autodromo-podra-tener-pruebas-solo-para-pilotos-locales\/\" target=\"_blank\" rel=\"noopener\">la nota completa en Central de Deportes.<\/a><\/p>\n<p>&nbsp;<\/p>\n<p><strong>\u00a1Segu\u00ed a Central de Deportes en redes sociales!\u00a0<\/strong><\/p>\n<p>&nbsp;<\/p>\n<p><a href=\"https:\/\/www.facebook.com\/CentralDeportesOlav\" target=\"_blank\" rel=\"noopener\">Facebook\u00a0<\/a><\/p>\n<p>&nbsp;<\/p>\n<p><a href=\"https:\/\/twitter.com\/CdDOlavarria\/\" target=\"_blank\" rel=\"noopener\">Twitter<\/a><\/p>\n<p>&nbsp;<\/p>\n<p><a href=\"https:\/\/www.instagram.com\/centraldeportesolav\/\" target=\"_blank\" rel=\"noopener\">Instagram<\/a><\/p>\n","protected":false},"excerpt":{"rendered":"<p>El pase a Fase 4 habilit\u00f3 el regreso de la actividad en el aut\u00f3dromo &#8220;Hermanos Emiliozzi&#8221; aunque \u201cpor ahora no<\/p>\n","protected":false},"author":2,"featured_media":23626,"comment_status":"closed","ping_status":"closed","sticky":false,"template":"","format":"standard","meta":{"_jetpack_memberships_contains_paid_content":false,"footnotes":""},"categories":[5,1],"tags":[],"class_list":["post-23625","post","type-post","status-publish","format-standard","has-post-thumbnail","hentry","category-informacion-general","category-portada"],"jetpack_featured_media_url":"https:\/\/i0.wp.com\/cdnoticias.com\/wp-content\/uploads\/2021\/06\/WhatsApp-Image-2021-06-09-at-14.57.04-768x427.jpeg?fit=768%2C427&ssl=1","jetpack_sharing_enabled":true,"_links":{"self":[{"href":"https:\/\/cdnoticias.com\/index.php\/wp-json\/wp\/v2\/posts\/23625","targetHints":{"allow":["GET"]}}],"collection":[{"href":"https:\/\/cdnoticias.com\/index.php\/wp-json\/wp\/v2\/posts"}],"about":[{"href":"https:\/\/cdnoticias.com\/index.php\/wp-json\/wp\/v2\/types\/post"}],"author":[{"embeddable":true,"href":"https:\/\/cdnoticias.com\/index.php\/wp-json\/wp\/v2\/users\/2"}],"replies":[{"embeddable":true,"href":"https:\/\/cdnoticias.com\/index.php\/wp-json\/wp\/v2\/comments?post=23625"}],"version-history":[{"count":0,"href":"https:\/\/cdnoticias.com\/index.php\/wp-json\/wp\/v2\/posts\/23625\/revisions"}],"wp:featuredmedia":[{"embeddable":true,"href":"https:\/\/cdnoticias.com\/index.php\/wp-json\/wp\/v2\/media\/23626"}],"wp:attachment":[{"href":"https:\/\/cdnoticias.com\/index.php\/wp-json\/wp\/v2\/media?parent=23625"}],"wp:term":[{"taxonomy":"category","embeddable":true,"href":"https:\/\/cdnoticias.com\/index.php\/wp-json\/wp\/v2\/categories?post=23625"},{"taxonomy":"post_tag","embeddable":true,"href":"https:\/\/cdnoticias.com\/index.php\/wp-json\/wp\/v2\/tags?post=23625"}],"curies":[{"name":"wp","href":"https:\/\/api.w.org\/{rel}","templated":true}]}}