{"id":23611,"date":"2021-06-10T10:43:10","date_gmt":"2021-06-10T13:43:10","guid":{"rendered":"http:\/\/www.centraldenoticias.com.ar\/?p=23611"},"modified":"2021-06-10T11:44:24","modified_gmt":"2021-06-10T14:44:24","slug":"en-la-provincia-mas-de-4-millones-y-medio-de-personas-fueron-vacunadas","status":"publish","type":"post","link":"https:\/\/cdnoticias.com\/index.php\/2021\/06\/10\/en-la-provincia-mas-de-4-millones-y-medio-de-personas-fueron-vacunadas\/","title":{"rendered":"En la Provincia, m\u00e1s de 4 millones y medio de personas fueron vacunadas"},"content":{"rendered":"<p>As\u00ed lo hizo saber el gobierno bonaerense este jueves. De los grupos objetivos, ya se inocularon con al menos una dosis al 91,64% de los anotados mayores de 70 a\u00f1os.\u00a0<!--more--><\/p>\n<hr \/>\n<p>Tras la llegada de una importante cantidad de vacunas y su distribuci\u00f3n por los distritos de la Provincia, <strong>el gobierno bonaerense inform\u00f3 que para este jueves, 4.682.846 personas fueron vacunadas con al menos una dosis.<\/strong><\/p>\n<p>&nbsp;<\/p>\n<p><img data-recalc-dims=\"1\" loading=\"lazy\" decoding=\"async\" class=\"alignnone size-large wp-image-23612\" src=\"https:\/\/i0.wp.com\/cdnoticias.com\/wp-content\/uploads\/2021\/06\/WhatsApp-Image-2021-06-10-at-09.58.35.jpeg?resize=800%2C400&#038;ssl=1\" alt=\"\" width=\"800\" height=\"400\" srcset=\"https:\/\/i0.wp.com\/cdnoticias.com\/wp-content\/uploads\/2021\/06\/WhatsApp-Image-2021-06-10-at-09.58.35.jpeg?resize=1024%2C512&amp;ssl=1 1024w, https:\/\/i0.wp.com\/cdnoticias.com\/wp-content\/uploads\/2021\/06\/WhatsApp-Image-2021-06-10-at-09.58.35.jpeg?resize=300%2C150&amp;ssl=1 300w, https:\/\/i0.wp.com\/cdnoticias.com\/wp-content\/uploads\/2021\/06\/WhatsApp-Image-2021-06-10-at-09.58.35.jpeg?resize=768%2C384&amp;ssl=1 768w, https:\/\/i0.wp.com\/cdnoticias.com\/wp-content\/uploads\/2021\/06\/WhatsApp-Image-2021-06-10-at-09.58.35.jpeg?w=1280&amp;ssl=1 1280w\" sizes=\"auto, (max-width: 800px) 100vw, 800px\" \/><\/p>\n<p>&nbsp;<\/p>\n<blockquote><p>Del total, se super\u00f3 el mill\u00f3n de personas con las dos dosis aplicadas, m\u00e1s precisamente 1.070.878 bonaerenses.<\/p><\/blockquote>\n<p>&nbsp;<\/p>\n<p>Si se separa en grupos etarios objetivos,<strong> los mayores de 70 a\u00f1os (quienes tienen la posibilidad de concurrir a los vacunatorios sin turno y vacunarse a demanda) son quienes mayor porcentaje de inscriptos fueron inoculados, con el 91,64%<\/strong> (1.247.608 personas, a\u00fan restan inocular 113.771).<\/p>\n<p>&nbsp;<\/p>\n<p><img data-recalc-dims=\"1\" loading=\"lazy\" decoding=\"async\" class=\"alignnone size-large wp-image-23613\" src=\"https:\/\/i0.wp.com\/cdnoticias.com\/wp-content\/uploads\/2021\/06\/WhatsApp-Image-2021-06-10-at-09.58.41.jpeg?resize=800%2C400&#038;ssl=1\" alt=\"\" width=\"800\" height=\"400\" srcset=\"https:\/\/i0.wp.com\/cdnoticias.com\/wp-content\/uploads\/2021\/06\/WhatsApp-Image-2021-06-10-at-09.58.41.jpeg?resize=1024%2C512&amp;ssl=1 1024w, https:\/\/i0.wp.com\/cdnoticias.com\/wp-content\/uploads\/2021\/06\/WhatsApp-Image-2021-06-10-at-09.58.41.jpeg?resize=300%2C150&amp;ssl=1 300w, https:\/\/i0.wp.com\/cdnoticias.com\/wp-content\/uploads\/2021\/06\/WhatsApp-Image-2021-06-10-at-09.58.41.jpeg?resize=768%2C384&amp;ssl=1 768w, https:\/\/i0.wp.com\/cdnoticias.com\/wp-content\/uploads\/2021\/06\/WhatsApp-Image-2021-06-10-at-09.58.41.jpeg?w=1280&amp;ssl=1 1280w\" sizes=\"auto, (max-width: 800px) 100vw, 800px\" \/><\/p>\n<p>&nbsp;<\/p>\n<blockquote><p>Le siguen, a su vez, mayores de 60 a 69 a\u00f1os con un 90,70% de vacunados sobre el total de inscriptos.<\/p><\/blockquote>\n<p>&nbsp;<\/p>\n<p>Finalmente<strong>, el grupo de 18 a 59 a\u00f1os con comorbilidades previas que ameriten la vacunaci\u00f3n para ser protegidos contra el COVID es el grupo con mayor anotados y ya fueron aplicadas 1.234.780 primeras dosis<\/strong> mientras aguardan 606.404 personas.<\/p>\n","protected":false},"excerpt":{"rendered":"<p>As\u00ed lo hizo saber el gobierno bonaerense este jueves. De los grupos objetivos, ya se inocularon con al menos una<\/p>\n","protected":false},"author":2,"featured_media":18192,"comment_status":"closed","ping_status":"closed","sticky":false,"template":"","format":"standard","meta":{"_jetpack_memberships_contains_paid_content":false,"footnotes":""},"categories":[6,1],"tags":[],"class_list":["post-23611","post","type-post","status-publish","format-standard","has-post-thumbnail","hentry","category-nacionales","category-portada"],"jetpack_featured_media_url":"https:\/\/i0.wp.com\/cdnoticias.com\/wp-content\/uploads\/2021\/04\/WhatsApp-Image-2021-04-07-at-12.12.46.jpeg?fit=1280%2C796&ssl=1","jetpack_sharing_enabled":true,"_links":{"self":[{"href":"https:\/\/cdnoticias.com\/index.php\/wp-json\/wp\/v2\/posts\/23611","targetHints":{"allow":["GET"]}}],"collection":[{"href":"https:\/\/cdnoticias.com\/index.php\/wp-json\/wp\/v2\/posts"}],"about":[{"href":"https:\/\/cdnoticias.com\/index.php\/wp-json\/wp\/v2\/types\/post"}],"author":[{"embeddable":true,"href":"https:\/\/cdnoticias.com\/index.php\/wp-json\/wp\/v2\/users\/2"}],"replies":[{"embeddable":true,"href":"https:\/\/cdnoticias.com\/index.php\/wp-json\/wp\/v2\/comments?post=23611"}],"version-history":[{"count":0,"href":"https:\/\/cdnoticias.com\/index.php\/wp-json\/wp\/v2\/posts\/23611\/revisions"}],"wp:featuredmedia":[{"embeddable":true,"href":"https:\/\/cdnoticias.com\/index.php\/wp-json\/wp\/v2\/media\/18192"}],"wp:attachment":[{"href":"https:\/\/cdnoticias.com\/index.php\/wp-json\/wp\/v2\/media?parent=23611"}],"wp:term":[{"taxonomy":"category","embeddable":true,"href":"https:\/\/cdnoticias.com\/index.php\/wp-json\/wp\/v2\/categories?post=23611"},{"taxonomy":"post_tag","embeddable":true,"href":"https:\/\/cdnoticias.com\/index.php\/wp-json\/wp\/v2\/tags?post=23611"}],"curies":[{"name":"wp","href":"https:\/\/api.w.org\/{rel}","templated":true}]}}