{"id":23595,"date":"2021-06-09T21:40:35","date_gmt":"2021-06-10T00:40:35","guid":{"rendered":"http:\/\/www.centraldenoticias.com.ar\/?p=23595"},"modified":"2021-06-10T08:28:59","modified_gmt":"2021-06-10T11:28:59","slug":"en-conferencia-de-prensa-se-anuncio-la-detencion-de-un-olavarriense-por-el-historico-secuestro-de-cocaina","status":"publish","type":"post","link":"https:\/\/cdnoticias.com\/index.php\/2021\/06\/09\/en-conferencia-de-prensa-se-anuncio-la-detencion-de-un-olavarriense-por-el-historico-secuestro-de-cocaina\/","title":{"rendered":"En conferencia de prensa se anunci\u00f3 la detenci\u00f3n de un olavarriense por el hist\u00f3rico secuestro de coca\u00edna"},"content":{"rendered":"<p>El hombre fue interceptado en el interior de un domicilio ubicado sobre avenida Urquiza al 3800. Ser\u00e1 indagado en las pr\u00f3ximas horas.<!--more--><\/p>\n<hr \/>\n<p><strong>\u201cEl nombre de la persona detenida es Pedro Rolando Casta\u00f1ares<\/strong>, la detenci\u00f3n se hizo efectiva por la Polic\u00eda de la provincia de Buenos Aires\u201d. De esa manera el Fiscal General del Departamento Judicial de Azul, el doctor Marcelo Sobrino, anunci\u00f3 y revel\u00f3 qui\u00e9n es la persona que se encuentra acusada como presunta due\u00f1a de los <a href=\"https:\/\/cdnoticias.com\/index.php\/2021\/06\/07\/es-el-secuestro-de-cocaina-mas-importante-de-la-historia-de-olavarria\/\" target=\"_blank\" rel=\"noopener\">m\u00e1s de 7 kilos de coca\u00edna que fueron halladas en el interior de un complejo de cocheras del barrio UTA.\u00a0<\/a><\/p>\n<p>&nbsp;<\/p>\n<blockquote class=\"instagram-media\" style=\"background: #FFF; border: 0; border-radius: 3px; box-shadow: 0 0 1px 0 rgba(0,0,0,0.5),0 1px 10px 0 rgba(0,0,0,0.15); margin: 1px; max-width: 540px; min-width: 326px; padding: 0; width: calc(100% - 2px);\" data-instgrm-permalink=\"https:\/\/www.instagram.com\/tv\/CP6wrISoO9E\/?utm_source=ig_embed&amp;utm_campaign=loading\" data-instgrm-version=\"13\">\n<div style=\"padding: 16px;\">\n<p>&nbsp;<\/p>\n<div style=\"display: flex; flex-direction: row; align-items: center;\">\n<div style=\"background-color: #f4f4f4; border-radius: 50%; flex-grow: 0; height: 40px; margin-right: 14px; width: 40px;\"><\/div>\n<div style=\"display: flex; flex-direction: column; flex-grow: 1; justify-content: center;\">\n<div style=\"background-color: #f4f4f4; border-radius: 4px; flex-grow: 0; height: 14px; margin-bottom: 6px; width: 100px;\"><\/div>\n<div style=\"background-color: #f4f4f4; border-radius: 4px; flex-grow: 0; height: 14px; width: 60px;\"><\/div>\n<\/div>\n<\/div>\n<div style=\"padding: 19% 0;\"><\/div>\n<div style=\"display: block; height: 50px; margin: 0 auto 12px; width: 50px;\"><\/div>\n<div style=\"padding-top: 8px;\">\n<div style=\"color: #3897f0; font-family: Arial,sans-serif; font-size: 14px; font-style: normal; font-weight: 550; line-height: 18px;\">Ver esta publicaci\u00f3n en Instagram<\/div>\n<\/div>\n<div style=\"padding: 12.5% 0;\"><\/div>\n<div style=\"display: flex; flex-direction: row; margin-bottom: 14px; align-items: center;\">\n<div>\n<div style=\"background-color: #f4f4f4; border-radius: 50%; height: 12.5px; width: 12.5px; transform: translateX(0px) translateY(7px);\"><\/div>\n<div style=\"background-color: #f4f4f4; height: 12.5px; transform: rotate(-45deg) translateX(3px) translateY(1px); width: 12.5px; flex-grow: 0; margin-right: 14px; margin-left: 2px;\"><\/div>\n<div style=\"background-color: #f4f4f4; border-radius: 50%; height: 12.5px; width: 12.5px; transform: translateX(9px) translateY(-18px);\"><\/div>\n<\/div>\n<div style=\"margin-left: 8px;\">\n<div style=\"background-color: #f4f4f4; border-radius: 50%; flex-grow: 0; height: 20px; width: 20px;\"><\/div>\n<div style=\"width: 0; height: 0; border-top: 2px solid transparent; border-left: 6px solid #f4f4f4; border-bottom: 2px solid transparent; transform: translateX(16px) translateY(-4px) rotate(30deg);\"><\/div>\n<\/div>\n<div style=\"margin-left: auto;\">\n<div style=\"width: 0px; border-top: 8px solid #F4F4F4; border-right: 8px solid transparent; transform: translateY(16px);\"><\/div>\n<div style=\"background-color: #f4f4f4; flex-grow: 0; height: 12px; width: 16px; transform: translateY(-4px);\"><\/div>\n<div style=\"width: 0; height: 0; border-top: 8px solid #F4F4F4; border-left: 8px solid transparent; transform: translateY(-4px) translateX(8px);\"><\/div>\n<\/div>\n<\/div>\n<div style=\"display: flex; flex-direction: column; flex-grow: 1; justify-content: center; margin-bottom: 24px;\">\n<div style=\"background-color: #f4f4f4; border-radius: 4px; flex-grow: 0; height: 14px; margin-bottom: 6px; width: 224px;\"><\/div>\n<div style=\"background-color: #f4f4f4; border-radius: 4px; flex-grow: 0; height: 14px; width: 144px;\"><\/div>\n<\/div>\n<p>&nbsp;<\/p>\n<p style=\"color: #c9c8cd; font-family: Arial,sans-serif; font-size: 14px; line-height: 17px; margin-bottom: 0; margin-top: 8px; overflow: hidden; padding: 8px 0 7px; text-align: center; text-overflow: ellipsis; white-space: nowrap;\"><a style=\"color: #c9c8cd; font-family: Arial,sans-serif; font-size: 14px; font-style: normal; font-weight: normal; line-height: 17px; text-decoration: none;\" href=\"https:\/\/www.instagram.com\/tv\/CP6wrISoO9E\/?utm_source=ig_embed&amp;utm_campaign=loading\" target=\"_blank\" rel=\"noopener\">Una publicaci\u00f3n compartida de Central de Noticias Olavarr\u00eda (@cdnolavarria)<\/a><\/p>\n<\/div>\n<\/blockquote>\n<p><script async src=\"\/\/www.instagram.com\/embed.js\"><\/script><\/p>\n<p>&nbsp;<\/p>\n<p>La convocatoria a conferencia de prensa hab\u00eda sorprendido a propios y extra\u00f1os, ya que <a href=\"https:\/\/cdnoticias.com\/index.php\/2021\/06\/08\/el-valor-de-lo-incautado-es-de-alrededor-de-30-millones-de-pesos\/\" target=\"_blank\" rel=\"noopener\">pocas horas antes se hab\u00eda hecho una actividad similar, pero a las puertas de la Estaci\u00f3n de Polic\u00eda Departamental<\/a>. En este caso todo tuvo como escenario el Sal\u00f3n Blanco del Palacio Municipal y fue el intendente Ezequiel Galli quien inici\u00f3 la rueda de prensa. <strong>\u201cHay buenas noticias: hoy a la ma\u00f1ana se llev\u00f3 a cabo un operativo importante, todos ya saben acerca del tema, estuvo en todos los medios, un operativo que se realiz\u00f3 en siete pa\u00edses distintos, resultado del trabajo conjunto entre Polic\u00eda y Justicia\u201d, se\u00f1al\u00f3 el jefe comunal<\/strong>.<\/p>\n<p>&nbsp;<\/p>\n<p>En esa misma l\u00ednea, el intendente agreg\u00f3 que <strong>\u201ces muy importante destacar el gran trabajo que se viene haciendo, mostrar el resultado a la ciudadan\u00eda, ya que cuando hay resultados es porque hay trabajo\u201d<\/strong>.<\/p>\n<p>&nbsp;<\/p>\n<p><img data-recalc-dims=\"1\" loading=\"lazy\" decoding=\"async\" class=\"alignnone size-full wp-image-23600\" src=\"https:\/\/i0.wp.com\/cdnoticias.com\/wp-content\/uploads\/2021\/06\/conferencia-sobrino-galli-moyano-iturralde02.jpg?resize=800%2C445&#038;ssl=1\" alt=\"\" width=\"800\" height=\"445\" srcset=\"https:\/\/i0.wp.com\/cdnoticias.com\/wp-content\/uploads\/2021\/06\/conferencia-sobrino-galli-moyano-iturralde02.jpg?w=800&amp;ssl=1 800w, https:\/\/i0.wp.com\/cdnoticias.com\/wp-content\/uploads\/2021\/06\/conferencia-sobrino-galli-moyano-iturralde02.jpg?resize=300%2C167&amp;ssl=1 300w, https:\/\/i0.wp.com\/cdnoticias.com\/wp-content\/uploads\/2021\/06\/conferencia-sobrino-galli-moyano-iturralde02.jpg?resize=768%2C427&amp;ssl=1 768w\" sizes=\"auto, (max-width: 800px) 100vw, 800px\" \/><\/p>\n<p>&nbsp;<\/p>\n<p>En similares t\u00e9rminos se proclam\u00f3 el doctor Sobrino, quien dedic\u00f3 los primeros minutos de su intervenci\u00f3n a agradecer a los funcionarios, sean policiales o judiciales, por la labor realizada. \u201c<strong>Destacar principalmente el trabajo de la Polic\u00eda Cient\u00edfica, que sin su trabajo no hubi\u00e9ramos logrado resultados tan r\u00e1pidos, la Polic\u00eda de Seguridad, DDI y Antinarc\u00f3ticos. Todos en conjunto lograron estos resultados a trav\u00e9s de una huella encontrada en las cocheras. Tambi\u00e9n agradecemos a la ciudadan\u00eda, por la buena voluntad de los due\u00f1os de las cocheras para abrir las mismas de forma voluntaria\u201d<\/strong>, enfatiz\u00f3.<\/p>\n<p>&nbsp;<\/p>\n<p>Sobre el detenido que tiene la causa, se precis\u00f3 que <strong>\u201cya tiene antecedentes por delito de robo, se le va a endilgar tenencia de estupefacientes con fines de comercializaci\u00f3n y hay otros delitos como tenencia de armas de fuego<\/strong>\u201d.<\/p>\n<p>&nbsp;<\/p>\n<p><img data-recalc-dims=\"1\" loading=\"lazy\" decoding=\"async\" class=\"alignnone size-full wp-image-23602\" src=\"https:\/\/i0.wp.com\/cdnoticias.com\/wp-content\/uploads\/2021\/06\/conferencia-sobrino-galli-moyano-iturralde.jpg?resize=800%2C445&#038;ssl=1\" alt=\"\" width=\"800\" height=\"445\" srcset=\"https:\/\/i0.wp.com\/cdnoticias.com\/wp-content\/uploads\/2021\/06\/conferencia-sobrino-galli-moyano-iturralde.jpg?w=800&amp;ssl=1 800w, https:\/\/i0.wp.com\/cdnoticias.com\/wp-content\/uploads\/2021\/06\/conferencia-sobrino-galli-moyano-iturralde.jpg?resize=300%2C167&amp;ssl=1 300w, https:\/\/i0.wp.com\/cdnoticias.com\/wp-content\/uploads\/2021\/06\/conferencia-sobrino-galli-moyano-iturralde.jpg?resize=768%2C427&amp;ssl=1 768w\" sizes=\"auto, (max-width: 800px) 100vw, 800px\" \/><\/p>\n<p>&nbsp;<\/p>\n<p>\u201c<strong>Quiero hacer en muchas veces los operativos son tan grandes que la poblaci\u00f3n dice siempre que se agarra a los m\u00e1s chiquitos, al perejil entre comillas, lo cierto es que no es as\u00ed,<\/strong> a veces se realizan procedimientos m\u00e1s chicos, medianos y grandes, en este tipo de organizaciones hay una sola cabezas u otras m\u00e1s elevadas, de una organizaci\u00f3n de 50 personas, uno, dos o tres son los que manejan las organizaci\u00f3n, las restantes 47 est\u00e1n por debajo, por lo que en los procedimientos van a caer esas personas, es lo que sucede en la estad\u00edstica, en la l\u00f3gica, para que caiga una persona en ese nivel con esa cantidad de droga. Por esa raz\u00f3n no cae el de m\u00e1s arriba\u201d, continu\u00f3 Sobrino.<\/p>\n<p>&nbsp;<\/p>\n<p><strong>\u201cSe persigue absolutamente a todos, m\u00e1s que a la persona a la violaci\u00f3n de la ley en pocas o muchas cantidades\u201d<\/strong>, en el marco del \u00e1mbito provincial, con excepci\u00f3n de los delitos que pasan al fuero federal, complet\u00f3 el Fiscal General.<\/p>\n<p>&nbsp;<\/p>\n<p><img data-recalc-dims=\"1\" loading=\"lazy\" decoding=\"async\" class=\"alignnone size-full wp-image-23596\" src=\"https:\/\/i0.wp.com\/cdnoticias.com\/wp-content\/uploads\/2021\/06\/cocaina04.jpg?resize=800%2C445&#038;ssl=1\" alt=\"\" width=\"800\" height=\"445\" srcset=\"https:\/\/i0.wp.com\/cdnoticias.com\/wp-content\/uploads\/2021\/06\/cocaina04.jpg?w=800&amp;ssl=1 800w, https:\/\/i0.wp.com\/cdnoticias.com\/wp-content\/uploads\/2021\/06\/cocaina04.jpg?resize=300%2C167&amp;ssl=1 300w, https:\/\/i0.wp.com\/cdnoticias.com\/wp-content\/uploads\/2021\/06\/cocaina04.jpg?resize=768%2C427&amp;ssl=1 768w\" sizes=\"auto, (max-width: 800px) 100vw, 800px\" \/><\/p>\n<p>&nbsp;<\/p>\n<p>Por \u00faltimo, quien tom\u00f3 la palabra fue el Fiscal Lucas Moyano, quien tambi\u00e9n dedic\u00f3 los primeros minutos de su intervenci\u00f3n a la labor mancomunada desde diversas dependencias y actores.<strong> \u201cAlrededor de las 17 horas, tras las tareas investigativas, en Urquiza al 3800 se procedi\u00f3 a la aprehensi\u00f3n del detenido Casta\u00f1ares, al momento sigue trabajando en el lugar Polic\u00eda Cient\u00edfica y DDI\u201d<\/strong>, expres\u00f3 a medida que daba cuenta que Casta\u00f1ares va a ser indagado este jueves y que la sospecha es haber podido desarticular una red de narcotr\u00e1fico.<\/p>\n<p>&nbsp;<\/p>\n<p>El fiscal en Estupefacientes evit\u00f3 arrojar mayores precisiones para no truncar pr\u00f3ximos pasos procesales, pero revel\u00f3 que<strong> el acusado ya estaba siendo investigado por delitos vinculados a la comercializaci\u00f3n de drogas.<\/strong><\/p>\n","protected":false},"excerpt":{"rendered":"<p>El hombre fue interceptado en el interior de un domicilio ubicado sobre avenida Urquiza al 3800. Ser\u00e1 indagado en las<\/p>\n","protected":false},"author":3,"featured_media":23601,"comment_status":"closed","ping_status":"closed","sticky":false,"template":"","format":"standard","meta":{"_jetpack_memberships_contains_paid_content":false,"footnotes":""},"categories":[14,1],"tags":[],"class_list":["post-23595","post","type-post","status-publish","format-standard","has-post-thumbnail","hentry","category-policiales","category-portada"],"jetpack_featured_media_url":"https:\/\/i0.wp.com\/cdnoticias.com\/wp-content\/uploads\/2021\/06\/conferencia-sobrino-galli-moyano-iturralde01.jpg?fit=800%2C445&ssl=1","jetpack_sharing_enabled":true,"_links":{"self":[{"href":"https:\/\/cdnoticias.com\/index.php\/wp-json\/wp\/v2\/posts\/23595","targetHints":{"allow":["GET"]}}],"collection":[{"href":"https:\/\/cdnoticias.com\/index.php\/wp-json\/wp\/v2\/posts"}],"about":[{"href":"https:\/\/cdnoticias.com\/index.php\/wp-json\/wp\/v2\/types\/post"}],"author":[{"embeddable":true,"href":"https:\/\/cdnoticias.com\/index.php\/wp-json\/wp\/v2\/users\/3"}],"replies":[{"embeddable":true,"href":"https:\/\/cdnoticias.com\/index.php\/wp-json\/wp\/v2\/comments?post=23595"}],"version-history":[{"count":0,"href":"https:\/\/cdnoticias.com\/index.php\/wp-json\/wp\/v2\/posts\/23595\/revisions"}],"wp:featuredmedia":[{"embeddable":true,"href":"https:\/\/cdnoticias.com\/index.php\/wp-json\/wp\/v2\/media\/23601"}],"wp:attachment":[{"href":"https:\/\/cdnoticias.com\/index.php\/wp-json\/wp\/v2\/media?parent=23595"}],"wp:term":[{"taxonomy":"category","embeddable":true,"href":"https:\/\/cdnoticias.com\/index.php\/wp-json\/wp\/v2\/categories?post=23595"},{"taxonomy":"post_tag","embeddable":true,"href":"https:\/\/cdnoticias.com\/index.php\/wp-json\/wp\/v2\/tags?post=23595"}],"curies":[{"name":"wp","href":"https:\/\/api.w.org\/{rel}","templated":true}]}}